{"id":1185,"date":"2012-04-25T21:35:42","date_gmt":"2012-04-25T19:35:42","guid":{"rendered":"http:\/\/killfroken.se\/?p=1185"},"modified":"2012-04-25T21:35:42","modified_gmt":"2012-04-25T19:35:42","slug":"infor-nya-elever-del-ii","status":"publish","type":"post","link":"https:\/\/killfroken.se\/?p=1185","title":{"rendered":"Inf\u00f6r nya elever &#8211; Del II"},"content":{"rendered":"<p>Min superbeg\u00e5vade kollega som har eleverna som n\u00e4r de blir \u00e4ldre b\u00f6rjar hos mig (vi \u00e4r organiserade sp\u00e5rvis med en F-2 klass och en 3-5 klass) f\u00f6reslog att jag och min klassf\u00f6rest\u00e5ndarkollega skulle bjuda in v\u00e5ra blivande elever till morgondagens stora grej: F\u00f6rsta bes\u00f6ket av v\u00e5ra blivande elever.<\/p>\n<p>Jag \u00e4lskade id\u00e9n och nappade direkt. Inte p\u00e5 n\u00e5got s\u00e4tt omdefinierat enligt fina modeller, men galet viktigt f\u00f6r elever som just b\u00f6rjat komma ig\u00e5ng med att mejla och som l\u00e4ngtar bortom l\u00e4ngtan efter att f\u00e5 b\u00f6rja i v\u00e5r klass. Sagt och gjort \u00e4gnade jag fem minuter \u00e5t att mejla v\u00e5ra eleva elever innan f\u00f6rsta lektionen idag.<\/p>\n<p>P\u00e5 v\u00e4g hem fr\u00e5n jobbet fick jag det h\u00e4r mejlet tillbaka:<\/p>\n<p><img loading=\"lazy\" decoding=\"async\" class=\"aligncenter\" title=\"Brev\" src=\"https:\/\/fbcdn-sphotos-a.akamaihd.net\/hphotos-ak-ash4\/404987_344844728910006_306731239388022_932135_2085026655_n.jpg\" alt=\"\" width=\"315\" height=\"461\" \/><\/p>\n<p>Den h\u00e4r texten s\u00e4ger massvis om elevens spr\u00e5kf\u00f6rm\u00e5ga. Men den s\u00e4ger \u00e4nnu mer om betydelsen av skola, inte ur ett samh\u00e4llsperspektiv (Socio-ekonomiska krav p\u00e5 allt mer v\u00e4lutbildad personal) utan mer ur ett barnperspektiv.<\/p>\n","protected":false},"excerpt":{"rendered":"<p>Min superbeg\u00e5vade kollega som har eleverna som n\u00e4r de blir \u00e4ldre b\u00f6rjar hos mig (vi \u00e4r organiserade sp\u00e5rvis med en F-2 klass och en 3-5 klass) f\u00f6reslog att jag och min klassf\u00f6rest\u00e5ndarkollega skulle bjuda in v\u00e5ra blivande elever till morgondagens stora grej: F\u00f6rsta bes\u00f6ket av v\u00e5ra blivande elever. Jag \u00e4lskade id\u00e9n och nappade direkt. Inte [&hellip;]<\/p>\n","protected":false},"author":2,"featured_media":0,"comment_status":"open","ping_status":"open","sticky":false,"template":"","format":"standard","meta":{"inline_featured_image":false,"footnotes":""},"categories":[6],"tags":[544,524,553],"class_list":["post-1185","post","type-post","status-publish","format-standard","hentry","category-dessa","tag-barnperspektiv","tag-elever","tag-skolovergangar"],"author_data":{"name":"Killfr\u00f6ken","href":"https:\/\/killfroken.se\/?author=2"},"featured_image_src":"https:\/\/killfroken.se\/wp-includes\/images\/media\/default.svg","_links":{"self":[{"href":"https:\/\/killfroken.se\/index.php?rest_route=\/wp\/v2\/posts\/1185","targetHints":{"allow":["GET"]}}],"collection":[{"href":"https:\/\/killfroken.se\/index.php?rest_route=\/wp\/v2\/posts"}],"about":[{"href":"https:\/\/killfroken.se\/index.php?rest_route=\/wp\/v2\/types\/post"}],"author":[{"embeddable":true,"href":"https:\/\/killfroken.se\/index.php?rest_route=\/wp\/v2\/users\/2"}],"replies":[{"embeddable":true,"href":"https:\/\/killfroken.se\/index.php?rest_route=%2Fwp%2Fv2%2Fcomments&post=1185"}],"version-history":[{"count":1,"href":"https:\/\/killfroken.se\/index.php?rest_route=\/wp\/v2\/posts\/1185\/revisions"}],"predecessor-version":[{"id":1186,"href":"https:\/\/killfroken.se\/index.php?rest_route=\/wp\/v2\/posts\/1185\/revisions\/1186"}],"wp:attachment":[{"href":"https:\/\/killfroken.se\/index.php?rest_route=%2Fwp%2Fv2%2Fmedia&parent=1185"}],"wp:term":[{"taxonomy":"category","embeddable":true,"href":"https:\/\/killfroken.se\/index.php?rest_route=%2Fwp%2Fv2%2Fcategories&post=1185"},{"taxonomy":"post_tag","embeddable":true,"href":"https:\/\/killfroken.se\/index.php?rest_route=%2Fwp%2Fv2%2Ftags&post=1185"}],"curies":[{"name":"wp","href":"https:\/\/api.w.org\/{rel}","templated":true}]}}