{"id":1229,"date":"2012-06-13T05:54:45","date_gmt":"2012-06-13T03:54:45","guid":{"rendered":"http:\/\/killfroken.se\/?p=1229"},"modified":"2012-06-13T06:02:07","modified_gmt":"2012-06-13T04:02:07","slug":"larartycket-38-id-rather-be-a-comma","status":"publish","type":"post","link":"https:\/\/killfroken.se\/?p=1229","title":{"rendered":"L\u00e4rartycket #38 &#8211; I&#8217;d rather be a comma"},"content":{"rendered":"<p>Det h\u00e4r inl\u00e4gget \u00e4r den 38e delen i bloggserien <a href=\"http:\/\/www.larartycket.se\">L\u00e4rartycket<\/a>, ett initiativ som startats och vuxit p\u00e5 <a href=\"http:\/\/killfroken.se\/?p=1197\" target=\"_blank\">Twitter<\/a> med hj\u00e4lp av Anne-Marie K\u00f6rling och Camilla Lindskoug. Varje dag skriver en ny l\u00e4rare om skolan fr\u00e5n sitt eget perspektiv. Jag som skriver idag jobbar som matematik- och NO-l\u00e4rare p\u00e5 en liten Bullberbyskola byggd p\u00e5 1830-talet d\u00e4r eleverna g\u00e5r fr\u00e5n f\u00f6rskoleklass till \u00e5r 5. Mina elever g\u00e5r i \u00e5rskurs 3, 4 och 5.<\/p>\n<p>&#8212;&#8212;&#8211;<\/p>\n<p>Ig\u00e5r var det <a href=\"http:\/\/www.ordklyverier.se\/2012\/06\/larartycket-37-om-att-lara-for-livet\/\" target=\"_blank\">Linda Ode<\/a> som skrev f\u00f6r L\u00e4rartycket och hon avslutade med orden &#8221;nu l\u00e4mnar jag \u00f6ver stafettpinnen till Killfr\u00f6ken&#8221;, allts\u00e5 jag. Det fick mig att b\u00f6rja t\u00e4nka. H\u00e4r \u00e4r vi en samling l\u00e4rare som l\u00e4mnar \u00f6ver stafettpinnar till varandra lite hur som helst. Inget konstigt med det. Varje \u00e5r allt sedan vi b\u00f6rjade med fenomenet skola har vi l\u00e4mnat \u00f6ver och tagit emot. Om och om igen. Kanske inte fysiska stafettpinnar utan snarare barn\/ungdomar\/elever\/studenter. Jag vill \u00e4gna mitt inl\u00e4gg i L\u00e4rartycket till att tillsammans med er lyfta blicken och ser v\u00e5r egna roll i ekosystemet som \u00e4r en skolg\u00e5ng. Vilken roll spelar du i dina elevers skolliv? Hur kommer din l\u00e4rarg\u00e4rning in i deras utbildningspussel? N\u00e4r var det sist du gav den tanken en ordentlig funderare?<\/p>\n<p>I f\u00f6rrg\u00e5r kv\u00e4ll hade vi p\u00e5 den lilla Bullerbyskolan d\u00e4r jag jobbar v\u00e5r traditionsenliga skolavslutning, helt enligt konstens alla regler. Sommarfina elever. Tafatt psalms\u00e5ng. Regn som h\u00e4nger i luften. Pliktskyldiga l\u00e4rarg\u00e5vor. Fotograferande mor- och farf\u00f6r\u00e4ldrar. N\u00e5gra avslutande femmor som f\u00f6rs\u00f6ker l\u00e5ta bli att gr\u00e5ta. Och s\u00e5 klart jordgubbst\u00e5rta i m\u00e4ngder. Det h\u00e4r \u00e4r den enda dagen p\u00e5 \u00e5ret som jag hatar mitt jobb. Det \u00e4r allm\u00e4nt k\u00e4nt bland mina elever. Jag gillar inte att bryta upp. Det \u00e4r helt enkelt inte naturligt. Men i \u00e5r lyckades jag i alla fall h\u00e5lla mitt inre hat i schack f\u00f6r att ist\u00e4llet fokusera p\u00e5 att fira och hylla mina elever. Runt om i Sverige \u00e4r det drygt 40 000 femteklassare som till h\u00f6sten b\u00f6rjar i \u00e5r 6 p\u00e5 en ny skola. 10 av dem har jag haft den enorma f\u00f6rm\u00e5nen att f\u00f6lja och umg\u00e5s med de senaste \u00e5ren. I den m\u00e5n de n\u00e5gonsin var &#8221;mina&#8221; s\u00e5 \u00e4r det inte det l\u00e4ngre.<\/p>\n<figure style=\"width: 385px\" class=\"wp-caption aligncenter\"><img loading=\"lazy\" decoding=\"async\" class=\"      \" src=\"http:\/\/www.killfroken.se\/larartycket.JPG\" alt=\"\" width=\"385\" height=\"457\" \/><figcaption class=\"wp-caption-text\">10 avg\u00e5ngselever. 10 r\u00f6da rosor med tillh\u00f6rande brev. Allt enligt tradition. <\/figcaption><\/figure>\n<p>Nu \u00e4r de p\u00e5 s\u00e4tt och vis ingens, i alla fall fram till augusti. Jag gjorde den insikten n\u00e4r jag tidigare idag varvade ett sista ryck med skriftliga omd\u00f6men med en facebook-chat med en av mina numera f\u00f6re detta elever. Hon uttryckte sin stora sorg och saknad \u00f6ver att l\u00e4mna skolan och jag f\u00f6rs\u00f6kte besvara hennes saknad och samtidigt ingjuta framtidshopp. Efter ett par minuters ost\u00f6rt arbete med min omd\u00f6mes-poesi plingade det till i mobilen:<\/p>\n<p><em>&#8221;Varf\u00f6r kan man inte b\u00f6rja p\u00e5 Nya Skolan n\u00e5gra dagar innan sommarlovet!? De skulle k\u00e4nnas mycket mindre tomt d\u00e5!!!!&#8221;<\/em><\/p>\n<p>Ju mer jag t\u00e4nker p\u00e5 det desto genialare framst\u00e5r den tanken. Det \u00e4r \u00e4nd\u00e5 s\u00e5 att de sista dagarna brukar pr\u00e4glas av en sl\u00e5ende passivitet hos b\u00e5de elever och l\u00e4rare. Varf\u00f6r inte anv\u00e4nda den tiden till att g\u00f6ra en b\u00e4ttre \u00f6verl\u00e4mning? Rimligtvis m\u00e5ste det vara b\u00e4ttre att byta skola fr\u00e5n en fredag till en m\u00e5ndag \u00e4n att i flera m\u00e5nader g\u00e5 och fundera p\u00e5 hur det ska bli och om man verkligen ska f\u00e5 en plats i sitt nya sammanhang? Med tiden \u00f6vergick v\u00e5rt samtal om gamla minnen till ett utbyte av visioner om hur skolan skulle kunna vara.<\/p>\n<p>H\u00e4r \u00e4r ett par andra f\u00f6rslag som vi funderade p\u00e5:<\/p>\n<ul>\n<li>Att ha ett par lektioner med de nya och de gamla l\u00e4rarna samtidigt,  b\u00e5de innan och efter \u00f6verg\u00e5ngen. (Jag t\u00e4nker att det h\u00e4r \u00e4r smart eftersom l\u00e4randet skulle hamna i fokus. Kanske inom ramen f\u00f6r en Learning study?)<\/li>\n<li>Ett faddersystem liknande det m\u00e5nga har idag, fast ist\u00e4llet f\u00f6r att det \u00e4r inom skolan s\u00e5 skulle det vara mellan skolorna. &#8221;D\u00e5 skulle man ha mer fakta om Nya Skolan och inte s\u00e5 mycket rykten och s\u00e5nt&#8221;, s\u00e4ger min elev. Jag nickar inst\u00e4mmande.<\/li>\n<\/ul>\n<p>Vad jag inte n\u00e4mnde f\u00f6r min elev, men som jag t\u00e4nker p\u00e5 om n\u00e4tterna n\u00e4r jag inte kan somna \u00e4r hur ofattbart orimligt det \u00e4r att hon och hennes 9 klasskompisar till h\u00f6sten f\u00e5r en ny l\u00e4rare som efter bara n\u00e5gra m\u00e5nader ska s\u00e4tta deras livs f\u00f6rsta betyg. S\u00e5 l\u00e4r det vara f\u00f6r merparten av de 40 000 kidsen som till h\u00f6sten g\u00f6r liknande skolbyten. Jag vet att betygen i \u00e5r 6 enligt l\u00e4roplanen ska spegla l\u00e4randet under den senaste terminen och alla terminer sedan de b\u00f6rjade \u00e5rskurs fyra. Det motsvarar fem terminer, varav de flesta i min pedagogiska f\u00f6rsorg.<\/p>\n<p>Det \u00e4r ingen l\u00e4tt uppgift som min mottagande kollega f\u00e5r. Samtidigt vet jag vilken total brist p\u00e5 kommunikation som r\u00e5der mellan v\u00e5ra b\u00e5da skolor. Jag kommer inte ha tillstymmelsen till ett finger med i det arbetet. Ur ett h\u00f6gst egoistiskt perspektiv \u00e4r det r\u00e4tt sk\u00f6nt eftersom betygss\u00e4ttning l\u00e4r vara det v\u00e4rsta i en l\u00e4rares yrkesliv. Men ur alla andra perspektiv borde jag ha inte bara ett utan fyra av fem fingrar med.<\/p>\n<p>Jag ska inte grotta ner mig i ett argument om vikten av formativ bed\u00f6mning. I alla fall inte s\u00e4rskilt djupt. Allt jag vill s\u00e4ga \u00e4r att f\u00f6r att bed\u00f6mning ska vara fram\u00e5tsyftande m\u00e5ste den komma ur en gedigen och v\u00e4larbetad analys av varje elevs styrkor och utvecklingsomr\u00e5den. Det l\u00e5ter sig inte g\u00f6ras efter ynka 12 veckor tillsammans. Det g\u00e5r bara inte! Om det \u00e4r n\u00e5got jag skulle vilja ge mina elever i avskedpresent efter tre underbara \u00e5r tillsammans \u00e4r det en r\u00e4ttvis bed\u00f6mning som ger dem en ordentlig skjuts fram\u00e5t i r\u00e4tt riktning n\u00e4r de ger sig iv\u00e4g p\u00e5 nya utmaningar. Det skulle vara en \u00f6verl\u00e4mning v\u00e4rd namnet.<\/p>\n<p>F\u00f6r att forts\u00e4tta p\u00e5 <a href=\"http:\/\/www.ordklyverier.se\/\" target=\"_blank\">Lindas<\/a> referens till stafettpinnar s\u00e5 skulle det vara en v\u00e4xling d\u00e4r den som har pinnen har huvudansvaret f\u00f6r att v\u00e4xling funkar bra. Jag minns inte mycket fr\u00e5n grundskolans idrottslektioner, men jag vill minnas att det \u00e4r s\u00e5 man v\u00e4xlar i riktiga stafetter.<\/p>\n<p>Eller som de sjunger: &#8221;<a href=\"http:\/\/www.youtube.com\/watch?v=fyMhvkC3A84\" target=\"_blank\">I&#8217;d rather be a comma, than a full stop<\/a>&#8221;.<\/p>\n","protected":false},"excerpt":{"rendered":"<p>Det h\u00e4r inl\u00e4gget \u00e4r den 38e delen i bloggserien L\u00e4rartycket, ett initiativ som startats och vuxit p\u00e5 Twitter med hj\u00e4lp av Anne-Marie K\u00f6rling och Camilla Lindskoug. Varje dag skriver en ny l\u00e4rare om skolan fr\u00e5n sitt eget perspektiv. Jag som skriver idag jobbar som matematik- och NO-l\u00e4rare p\u00e5 en liten Bullberbyskola byggd p\u00e5 1830-talet d\u00e4r [&hellip;]<\/p>\n","protected":false},"author":2,"featured_media":0,"comment_status":"open","ping_status":"open","sticky":false,"template":"","format":"standard","meta":{"inline_featured_image":false,"footnotes":""},"categories":[288],"tags":[138,581,583,580,50,578,579,582,152,55],"class_list":["post-1229","post","type-post","status-publish","format-standard","hentry","category-killfroken-funderar","tag-betyg","tag-betyg-ar-6","tag-byta-skola","tag-grundskola-overgang","tag-larares-uppdrag","tag-larartycket","tag-larartycket-se","tag-overlamning","tag-skolutveckling","tag-sommarlov"],"author_data":{"name":"Killfr\u00f6ken","href":"https:\/\/killfroken.se\/?author=2"},"featured_image_src":"https:\/\/killfroken.se\/wp-includes\/images\/media\/default.svg","_links":{"self":[{"href":"https:\/\/killfroken.se\/index.php?rest_route=\/wp\/v2\/posts\/1229","targetHints":{"allow":["GET"]}}],"collection":[{"href":"https:\/\/killfroken.se\/index.php?rest_route=\/wp\/v2\/posts"}],"about":[{"href":"https:\/\/killfroken.se\/index.php?rest_route=\/wp\/v2\/types\/post"}],"author":[{"embeddable":true,"href":"https:\/\/killfroken.se\/index.php?rest_route=\/wp\/v2\/users\/2"}],"replies":[{"embeddable":true,"href":"https:\/\/killfroken.se\/index.php?rest_route=%2Fwp%2Fv2%2Fcomments&post=1229"}],"version-history":[{"count":14,"href":"https:\/\/killfroken.se\/index.php?rest_route=\/wp\/v2\/posts\/1229\/revisions"}],"predecessor-version":[{"id":1243,"href":"https:\/\/killfroken.se\/index.php?rest_route=\/wp\/v2\/posts\/1229\/revisions\/1243"}],"wp:attachment":[{"href":"https:\/\/killfroken.se\/index.php?rest_route=%2Fwp%2Fv2%2Fmedia&parent=1229"}],"wp:term":[{"taxonomy":"category","embeddable":true,"href":"https:\/\/killfroken.se\/index.php?rest_route=%2Fwp%2Fv2%2Fcategories&post=1229"},{"taxonomy":"post_tag","embeddable":true,"href":"https:\/\/killfroken.se\/index.php?rest_route=%2Fwp%2Fv2%2Ftags&post=1229"}],"curies":[{"name":"wp","href":"https:\/\/api.w.org\/{rel}","templated":true}]}}