{"id":1275,"date":"2012-06-20T18:14:43","date_gmt":"2012-06-20T16:14:43","guid":{"rendered":"http:\/\/killfroken.se\/?p=1275"},"modified":"2012-06-20T18:14:43","modified_gmt":"2012-06-20T16:14:43","slug":"sommarlovsbrev-till-mig","status":"publish","type":"post","link":"https:\/\/killfroken.se\/?p=1275","title":{"rendered":"Sommarlovsbrev till mig"},"content":{"rendered":"<p>Helt ensam i en buss fr\u00e5n L\u00e4rardagarna kommer jag p\u00e5 mig sj\u00e4lv med att flytta fokus. Fr\u00e5n jobb till ledighet. Fr\u00e5n Stockholm till G\u00f6teborg. Fr\u00e5n konferens till midsommar. Men f\u00f6rst borde jag nog ta en tankerunda inf\u00f6r h\u00f6sten.\u00a0Det enda tr\u00e5kiga med <a href=\"http:\/\/www.larardagarna.se\" target=\"_blank\">L\u00e4rardagarna<\/a> \u00e4r att jag blir alldeles till mig av pedagogiskt nyt\u00e4nk precis innan jag st\u00e4nger ihop fabriken f\u00f6r sommar. Det \u00e4r oundvikligt men ocks\u00e5 lite dumt n\u00e4r man har ett guldfisksminne som mitt. D\u00e4rf\u00f6r har jag skrivit ett brev till mig sj\u00e4lv som jag t\u00e4nkte l\u00e4sa i b\u00f6rjan p\u00e5 augusti:<\/p>\n<p>Hej Killfr\u00f6ken.<br \/>\nHoppas du har haft en bra sommar och att allting g\u00e5tt bra med dina sommarprojekt. Nu passar det bra att g\u00f6ra ett par dagars jobb innan du rundar av sommaren med Way Out West flaggan i topp. Jag tycker du ska b\u00f6rja med att t\u00e4nka tillbaka till L\u00e4rardagarna i B\u00e5lsta. Visst var det l\u00e4nge sedan nu? Minns du hur du blev inkastad i en buss som inte alls skulle dit du ville? Minns du hur du sa h\u00f6gt f\u00f6r dig sj\u00e4lv att du ville l\u00e5ta det \u00f6gonblicket bli en symbol f\u00f6r alla pedagogiska \u00e4ventyr du ska ge dig ut p\u00e5 i h\u00f6st? H\u00e4r \u00e4r en packlista:<br \/>\n&#8211; Minns hur Anne-Marie K\u00f6rling pratade om hur l\u00e4rarens inst\u00e4llning f\u00e4rgar av sig i ett klassrum. Lova mig att du f\u00f6rs\u00f6ker t\u00e4nka p\u00e5 det varje morgon n\u00e4r du tar bussen till jobbet. L\u00e5t porten in till Pittoreska Samh\u00e4llet vara platsen d\u00e4r du minns!<\/p>\n<p>&#8211; T\u00e4nk p\u00e5 hur Sven-Eric Liedman visade dig modern hj\u00e4rnforskning om hur man kan tr\u00e4na upp fantasi. Det beh\u00f6ver b\u00e5de du och dina elever tr\u00e4na p\u00e5.<\/p>\n<p>&#8211; Fundera p\u00e5 John Steinbergs mantra om att hitta de starka f\u00f6rm\u00e5gorna hos elever. \u00c4r det n\u00e5got att t\u00e4nka p\u00e5 eller g\u00f6r du redan det?<\/p>\n<p>&#8211; Minns f\u00e5glarna som Ulla Runesson tog fram och fundera p\u00e5 hur hon sa till dig att man beh\u00f6ver expertkunskap f\u00f6r att kunna j\u00e4mf\u00f6ra detaljer. Vilken expertkunskap beh\u00f6ver du f\u00f6r att j\u00e4mf\u00f6ra detaljerna i din verksamhet?<\/p>\n<p>&#8211; Kom f\u00f6r allt i v\u00e4rlden ih\u00e5g att du bokade in dig hos L\u00e4rarf\u00f6rbundet i Borl\u00e4nge under vecka 39. Se om Sandra minns vilken dag det \u00e4r!<\/p>\n<p>&#8211; Kom ih\u00e5g k\u00e4nslan av att sitta p\u00e5 f\u00f6rel\u00e4sningar och samtidigt twitter-diskutera f\u00f6rel\u00e4sarens po\u00e4ngen med Kloka Kollegan som sitter p\u00e5 jobbet, 50 mil l\u00e4ngre bort. S\u00e5 ska bra omdefiniering se ut! Allt tack vare\u00a0<a href=\"http:\/\/www.google.com\/url?q=http%3A%2F%2Flarardagarna.se&amp;sa=D&amp;sntz=1&amp;usg=AFQjCNEmbp4x56B-lan8bzjhObX8TQejyw\" target=\"_blank\">larardagarna.se<\/a><\/p>\n<p>&#8211; Gl\u00f6m f\u00f6r allt i v\u00e4rlden inte #bord3 s planer p\u00e5 v\u00e4rldsherrav\u00e4lde!&#8221;<\/p>\n<p>Nu tar vi sommar p\u00e5 det.<\/p>\n<p style=\"text-align: center;\"><img loading=\"lazy\" decoding=\"async\" class=\"aligncenter\" title=\"Bussen fr\u00e5n stan\" src=\"http:\/\/killfroken.se\/bussen.JPG\" alt=\"\" width=\"512\" height=\"384\" \/><\/p>\n","protected":false},"excerpt":{"rendered":"<p>Helt ensam i en buss fr\u00e5n L\u00e4rardagarna kommer jag p\u00e5 mig sj\u00e4lv med att flytta fokus. Fr\u00e5n jobb till ledighet. Fr\u00e5n Stockholm till G\u00f6teborg. Fr\u00e5n konferens till midsommar. Men f\u00f6rst borde jag nog ta en tankerunda inf\u00f6r h\u00f6sten.\u00a0Det enda tr\u00e5kiga med L\u00e4rardagarna \u00e4r att jag blir alldeles till mig av pedagogiskt nyt\u00e4nk precis innan jag [&hellip;]<\/p>\n","protected":false},"author":2,"featured_media":0,"comment_status":"open","ping_status":"open","sticky":false,"template":"","format":"standard","meta":{"inline_featured_image":false,"footnotes":""},"categories":[3],"tags":[163,587,588,272,318,55],"class_list":["post-1275","post","type-post","status-publish","format-standard","hentry","category-rast-rader","tag-kompetensutveckling","tag-larardagarna","tag-larares-sprak","tag-lararforbundet","tag-profession","tag-sommarlov"],"author_data":{"name":"Killfr\u00f6ken","href":"https:\/\/killfroken.se\/?author=2"},"featured_image_src":"https:\/\/killfroken.se\/wp-includes\/images\/media\/default.svg","_links":{"self":[{"href":"https:\/\/killfroken.se\/index.php?rest_route=\/wp\/v2\/posts\/1275","targetHints":{"allow":["GET"]}}],"collection":[{"href":"https:\/\/killfroken.se\/index.php?rest_route=\/wp\/v2\/posts"}],"about":[{"href":"https:\/\/killfroken.se\/index.php?rest_route=\/wp\/v2\/types\/post"}],"author":[{"embeddable":true,"href":"https:\/\/killfroken.se\/index.php?rest_route=\/wp\/v2\/users\/2"}],"replies":[{"embeddable":true,"href":"https:\/\/killfroken.se\/index.php?rest_route=%2Fwp%2Fv2%2Fcomments&post=1275"}],"version-history":[{"count":2,"href":"https:\/\/killfroken.se\/index.php?rest_route=\/wp\/v2\/posts\/1275\/revisions"}],"predecessor-version":[{"id":1277,"href":"https:\/\/killfroken.se\/index.php?rest_route=\/wp\/v2\/posts\/1275\/revisions\/1277"}],"wp:attachment":[{"href":"https:\/\/killfroken.se\/index.php?rest_route=%2Fwp%2Fv2%2Fmedia&parent=1275"}],"wp:term":[{"taxonomy":"category","embeddable":true,"href":"https:\/\/killfroken.se\/index.php?rest_route=%2Fwp%2Fv2%2Fcategories&post=1275"},{"taxonomy":"post_tag","embeddable":true,"href":"https:\/\/killfroken.se\/index.php?rest_route=%2Fwp%2Fv2%2Ftags&post=1275"}],"curies":[{"name":"wp","href":"https:\/\/api.w.org\/{rel}","templated":true}]}}