{"id":1985,"date":"2013-06-02T22:11:23","date_gmt":"2013-06-02T20:11:23","guid":{"rendered":"http:\/\/killfroken.se\/?p=1985"},"modified":"2013-06-10T21:17:32","modified_gmt":"2013-06-10T19:17:32","slug":"92-tankar-fran-en-middagsbjudning","status":"publish","type":"post","link":"https:\/\/killfroken.se\/?p=1985","title":{"rendered":"#92 &#8211; Tankar fr\u00e5n en middagsbjudning"},"content":{"rendered":"<p>Det \u00e4r helg och jag finns i ett socialt sammanhang som jag h\u00f6rt talas om men inte upplevt sj\u00e4lv f\u00f6rut: p\u00e5 middag med ett antal personer som (bland mycket annat) \u00e4r f\u00f6r\u00e4ldrar till barn i skol\u00e5lder. De vet om sen tidigare att jag \u00e4r l\u00e4rare och d\u00e4rf\u00f6r \u00e4r det v\u00e4l en tidsfr\u00e5ga innan vi kommer in p\u00e5 skolan.<\/p>\n<p>De fr\u00e5gar om bed\u00f6mning, inneb\u00f6rden av olika formuleringar och varf\u00f6r den har den omfattning den har. Jag m\u00e4rker att de verkar tycka att de flesta skriftliga omd\u00f6mena missar m\u00e5let: att informera elever\/f\u00f6r\u00e4ldrar om kunskapsl\u00e4get. Jag f\u00f6rklarar att det \u00e4r ett rektorsbeslut att utforma omd\u00f6men men att det i praktiken finns en del m\u00e5sten som g\u00f6r hela processen meningsl\u00f6s. Det blir ett bra samtal med avstickare till formativ bed\u00f6mning och omfattningen\/effekten av nationella prov.<\/p>\n<p>Efter\u00e5t kan jag inte l\u00e5ta bli att t\u00e4nka:<br \/>\n&#8211; Om t.o.m f\u00f6r\u00e4ldrar uppfattar skriftliga omd\u00f6men som meningsl\u00f6sa. Varf\u00f6r g\u00f6r vi dem d\u00e5?<br \/>\n&#8211; \u00c4r det h\u00e4r med att bli en representant f\u00f6r sitt yrke i informella sammanhang n\u00e5got som alla \u00e4r med om eller \u00e4r det vanligare f\u00f6r l\u00e4rare?<br \/>\n&#8211; Hur f\u00f6rh\u00e5ller man sig professionellt till andra l\u00e4rares verksamheter?<\/p>\n<p><strong>Jag har best\u00e4mt mig f\u00f6r att hoppa p\u00e5 utmaningen #Blogg100 som handlar om att skriva ett inl\u00e4gg per dag i hundra dagar. Jag hoppas att det ska inspirera mig att \u00e4gna mer tid \u00e5t skrivandet och reflekterandet som omfattar den h\u00e4r bloggen. D\u00e4rav den lilla siffran i b\u00f6rjan p\u00e5 inl\u00e4gget.<\/strong><\/p>\n","protected":false},"excerpt":{"rendered":"<p>Det \u00e4r helg och jag finns i ett socialt sammanhang som jag h\u00f6rt talas om men inte upplevt sj\u00e4lv f\u00f6rut: p\u00e5 middag med ett antal personer som (bland mycket annat) \u00e4r f\u00f6r\u00e4ldrar till barn i skol\u00e5lder. De vet om sen tidigare att jag \u00e4r l\u00e4rare och d\u00e4rf\u00f6r \u00e4r det v\u00e4l en tidsfr\u00e5ga innan vi kommer [&hellip;]<\/p>\n","protected":false},"author":2,"featured_media":0,"comment_status":"open","ping_status":"open","sticky":false,"template":"","format":"standard","meta":{"inline_featured_image":false,"footnotes":""},"categories":[645,288],"tags":[300,769,652],"class_list":["post-1985","post","type-post","status-publish","format-standard","hentry","category-blogg100-2","category-killfroken-funderar","tag-larare","tag-lararliv","tag-professionellt"],"author_data":{"name":"Killfr\u00f6ken","href":"https:\/\/killfroken.se\/?author=2"},"featured_image_src":"https:\/\/killfroken.se\/wp-includes\/images\/media\/default.svg","_links":{"self":[{"href":"https:\/\/killfroken.se\/index.php?rest_route=\/wp\/v2\/posts\/1985","targetHints":{"allow":["GET"]}}],"collection":[{"href":"https:\/\/killfroken.se\/index.php?rest_route=\/wp\/v2\/posts"}],"about":[{"href":"https:\/\/killfroken.se\/index.php?rest_route=\/wp\/v2\/types\/post"}],"author":[{"embeddable":true,"href":"https:\/\/killfroken.se\/index.php?rest_route=\/wp\/v2\/users\/2"}],"replies":[{"embeddable":true,"href":"https:\/\/killfroken.se\/index.php?rest_route=%2Fwp%2Fv2%2Fcomments&post=1985"}],"version-history":[{"count":2,"href":"https:\/\/killfroken.se\/index.php?rest_route=\/wp\/v2\/posts\/1985\/revisions"}],"predecessor-version":[{"id":2034,"href":"https:\/\/killfroken.se\/index.php?rest_route=\/wp\/v2\/posts\/1985\/revisions\/2034"}],"wp:attachment":[{"href":"https:\/\/killfroken.se\/index.php?rest_route=%2Fwp%2Fv2%2Fmedia&parent=1985"}],"wp:term":[{"taxonomy":"category","embeddable":true,"href":"https:\/\/killfroken.se\/index.php?rest_route=%2Fwp%2Fv2%2Fcategories&post=1985"},{"taxonomy":"post_tag","embeddable":true,"href":"https:\/\/killfroken.se\/index.php?rest_route=%2Fwp%2Fv2%2Ftags&post=1985"}],"curies":[{"name":"wp","href":"https:\/\/api.w.org\/{rel}","templated":true}]}}