{"id":225,"date":"2009-06-20T12:55:53","date_gmt":"2009-06-20T10:55:53","guid":{"rendered":"http:\/\/killfroken.se\/?p=225"},"modified":"2009-11-15T20:00:53","modified_gmt":"2009-11-15T18:00:53","slug":"ord-av-en-dansprofessor","status":"publish","type":"post","link":"https:\/\/killfroken.se\/?p=225","title":{"rendered":"Ord av en dansprofessor"},"content":{"rendered":"<p>Dansprofessorn Efva Lilja har en g\u00e5ng (i samband med en utl\u00e4ggning om kunskap, skolan och l\u00e4rare) skrivit:<\/p>\n<p><em>M\u00e5nga barn har talat med mig om sin upplevda ensamhet, om k\u00e4nslan av att vara of\u00f6rst\u00e5dd eller om upplevelsen av att vara utanf\u00f6r, av att inte f\u00f6rst\u00e5 vad som sker i det omgivande. Barnets slutsats \u00e4r ofta att \u201ddet \u00e4r mig det \u00e4r fel p\u00e5\u201d. Den upplevda ensamheten och utanf\u00f6rskapet kan omvandlas till den goda ensamheten och bli den k\u00e4lla till kraft, den plats f\u00f6r reflektion och eftertanke, den kreativa basen f\u00f6r\u00a0det fortsatta levandet, som den kan vara. Det g\u00e4ller att h\u00e5lla balansen! <\/em><\/p>\n<p><em>Vi kan som vuxna i barnets v\u00e4rld bidra till detta genom att tillm\u00e4ta barnets r\u00f6st, barnets upplevelse och reflektion sin betydelse. Vi kan g\u00f6ra det genom att f\u00f6ra dialog \u2013 i b\u00e5de ord och handling. Vi kan g\u00f6ra\u00a0det genom att lyssna till barnets r\u00f6st om k\u00e4rlek, om behovet av att f\u00e5 b\u00e5de ge och ta emot. Lyssna\u00a0och delta i ifr\u00e5gas\u00e4ttandet av existens och den alltid \u00e5terkommande fr\u00e5gan: \u201dVarf\u00f6r finns jag?\u201d, \u201dVad \u00e4r det f\u00f6r mening med mitt liv?\u201d.<\/em><\/p>\n<p>Det \u00e4r s\u00e5 vackra ord att jag m\u00e5ste l\u00e4sa dem flera g\u00e5nger innan jag kan h\u00f6ra dem p\u00e5 riktigt.<\/p>\n","protected":false},"excerpt":{"rendered":"<p>Dansprofessorn Efva Lilja har en g\u00e5ng (i samband med en utl\u00e4ggning om kunskap, skolan och l\u00e4rare) skrivit: M\u00e5nga barn har talat med mig om sin upplevda ensamhet, om k\u00e4nslan av att vara of\u00f6rst\u00e5dd eller om upplevelsen av att vara utanf\u00f6r, av att inte f\u00f6rst\u00e5 vad som sker i det omgivande. Barnets slutsats \u00e4r ofta att [&hellip;]<\/p>\n","protected":false},"author":2,"featured_media":0,"comment_status":"open","ping_status":"open","sticky":false,"template":"","format":"standard","meta":{"inline_featured_image":false,"footnotes":""},"categories":[14],"tags":[51,54,52,50,53],"class_list":["post-225","post","type-post","status-publish","format-standard","hentry","category-citat","tag-efva-lilja","tag-ensamhet","tag-forskning","tag-larares-uppdrag","tag-varfor-finns-jag"],"author_data":{"name":"Killfr\u00f6ken","href":"https:\/\/killfroken.se\/?author=2"},"featured_image_src":"https:\/\/killfroken.se\/wp-includes\/images\/media\/default.svg","_links":{"self":[{"href":"https:\/\/killfroken.se\/index.php?rest_route=\/wp\/v2\/posts\/225","targetHints":{"allow":["GET"]}}],"collection":[{"href":"https:\/\/killfroken.se\/index.php?rest_route=\/wp\/v2\/posts"}],"about":[{"href":"https:\/\/killfroken.se\/index.php?rest_route=\/wp\/v2\/types\/post"}],"author":[{"embeddable":true,"href":"https:\/\/killfroken.se\/index.php?rest_route=\/wp\/v2\/users\/2"}],"replies":[{"embeddable":true,"href":"https:\/\/killfroken.se\/index.php?rest_route=%2Fwp%2Fv2%2Fcomments&post=225"}],"version-history":[{"count":0,"href":"https:\/\/killfroken.se\/index.php?rest_route=\/wp\/v2\/posts\/225\/revisions"}],"wp:attachment":[{"href":"https:\/\/killfroken.se\/index.php?rest_route=%2Fwp%2Fv2%2Fmedia&parent=225"}],"wp:term":[{"taxonomy":"category","embeddable":true,"href":"https:\/\/killfroken.se\/index.php?rest_route=%2Fwp%2Fv2%2Fcategories&post=225"},{"taxonomy":"post_tag","embeddable":true,"href":"https:\/\/killfroken.se\/index.php?rest_route=%2Fwp%2Fv2%2Ftags&post=225"}],"curies":[{"name":"wp","href":"https:\/\/api.w.org\/{rel}","templated":true}]}}