{"id":2578,"date":"2014-06-11T15:27:53","date_gmt":"2014-06-11T13:27:53","guid":{"rendered":"http:\/\/killfroken.se\/?p=2578"},"modified":"2014-06-11T15:27:53","modified_gmt":"2014-06-11T13:27:53","slug":"avslutningstal-till-31-avgangselever","status":"publish","type":"post","link":"https:\/\/killfroken.se\/?p=2578","title":{"rendered":"Avslutningstal till 31 avg\u00e5ngselever"},"content":{"rendered":"<p dir=\"ltr\">Hej jag heter Killfr\u00f6ken och det \u00e4r mitt uppdrag att s\u00e4ga n\u00e5gra ord till de elever som nu ska g\u00e5 vidare mot nya skolor och utmaningar. Men jag vill egentligen b\u00f6rja i andra \u00e4ndan, n\u00e4r ni b\u00f6rjade h\u00e4r.<\/p>\n<p dir=\"ltr\">Det var h\u00f6sten 2008. Jag var l\u00e4rarstudent och vikarie lite \u00f6verallt p\u00e5 hela skolan d\u00e5.<br \/>\nD\u00e4rf\u00f6r minns jag er f\u00f6rsta dag h\u00e4r mycket v\u00e4l. Det finns m\u00e5nga historier att ber\u00e4tta.<\/p>\n<p>Jag minns att en av de coola killarnas lillebror skulle b\u00f6rja. Det gick ett rykte \u201c\u00c4ntligen b\u00f6rjar hans brorsa ocks\u00e5!\u201d viskades det.<br \/>\nJag minns hur varje g\u00e5ng jag h\u00e4lsade p\u00e5 en av er s\u00e5 insisterade du p\u00e5 att vi skulle ber\u00e4tta Bellman-historier f\u00f6r varandra. Jag tror det gick s\u00e5 l\u00e5ngt att du till sist trodde att jag heter Bellman\u2026<br \/>\nJag minns n\u00e4r tv\u00e5 av er blev h\u00e4mtade efter f\u00f6rsta dagen och stolt visade upp er lilla hundvalp. Den hunden \u00e4r stor nu, precis som alla ni.<\/p>\n<p>Fattar ni hur mycket ni har vuxit sedan dess? Fattar ni hur mycket ni har utvecklats? \u00a0Hur mycket ni har l\u00e4rt er? Fatta vad coolt! Och samtidigt k\u00e4nns det som att tiden bara har flugit iv\u00e4g. Men det finns n\u00e5got som \u00e4r \u00e4nnu coolare\u2026<\/p>\n<p dir=\"ltr\">Jag vill att ni f\u00f6r en stund kommer ih\u00e5g hur mycket som har h\u00e4nt de h\u00e4r sex \u00e5ren fast att tiden har g\u00e5tt s\u00e5 snabbt, och s\u00e5 vill jag att ni f\u00f6rest\u00e4ller er hur era liv kommer att vara om sex \u00e5r till. Antagligen kommer den tiden g\u00e5 lika fort som tiden h\u00e4r har gjort.<\/p>\n<p dir=\"ltr\">D\u00e5 kommer ni vara 17-18 \u00e5r gamla och b\u00f6rja sista \u00e5ret \u00a0p\u00e5 gymnasiet. Sista \u00e5ret innan studenten.<br \/>\nKanske har n\u00e5gra av er redan k\u00f6rkort?<br \/>\nKanske har n\u00e5gra av er ett extrajobb?<br \/>\nFattar ni hur n\u00e4ra ni \u00e4r att v\u00e4xa upp? Det. \u00e4r. coolt.<\/p>\n<p>Jag har funderat mycket p\u00e5 vad jag vill s\u00e4ga er s\u00e5 h\u00e4r precis innan ni slutar.<br \/>\nF\u00f6rst t\u00e4nkte jag s\u00e4ga en grej men det blev inte bra.<br \/>\nSedan t\u00e4nkte jag ber\u00e4tta en annan grej men s\u00e5 kom jag p\u00e5 att det kanske inte \u00e4r sant f\u00f6r alla.<br \/>\nEfter det t\u00e4nkte jag ber\u00e4tta en sak jag l\u00e4rde mig i er \u00e5lder, men det \u00e4r antagligen inte likandant f\u00f6r er som \u00e4r barn idag.<\/p>\n<p>Till sist kom jag p\u00e5 vad det \u00e4r jag vill s\u00e4ga er;<br \/>\nMitt b\u00e4sta knep f\u00f6r att lyckas med att v\u00e4xa upp \u00e4r att forts\u00e4tta vara sig sj\u00e4lv.<br \/>\nS\u00e5. L\u00e4tt som en pl\u00e4tt. Du kanske tror att n\u00e4r man v\u00e4xer upp s\u00e5 blir man n\u00e5gon annan. N\u00e5gon som \u00e4r st\u00f6rre, mognare, smartare, coolare och b\u00e4ttre. S\u00e5 \u00e4r det inte.<\/p>\n<p>P\u00e5 samma s\u00e4tt som att den d\u00e4r personen med hundvalpen, bellmanhistorierna, den coola storebrorsan eller vad det nu var fortfarande finns kvar inom dig s\u00e5 finns redan den coola 18-\u00e5ringen med k\u00f6rkort, extrajobb och som snart ska ta studenten.<br \/>\nDu beh\u00f6ver inte bli n\u00e5gon annan f\u00f6r att v\u00e4xa upp.<br \/>\nD\u00e4r \u00e4r redan allt du ska bli.<\/p>\n<p>&nbsp;<\/p>\n","protected":false},"excerpt":{"rendered":"<p>Hej jag heter Killfr\u00f6ken och det \u00e4r mitt uppdrag att s\u00e4ga n\u00e5gra ord till de elever som nu ska g\u00e5 vidare mot nya skolor och utmaningar. Men jag vill egentligen b\u00f6rja i andra \u00e4ndan, n\u00e4r ni b\u00f6rjade h\u00e4r. Det var h\u00f6sten 2008. Jag var l\u00e4rarstudent och vikarie lite \u00f6verallt p\u00e5 hela skolan d\u00e5. D\u00e4rf\u00f6r minns [&hellip;]<\/p>\n","protected":false},"author":2,"featured_media":0,"comment_status":"open","ping_status":"open","sticky":false,"template":"","format":"standard","meta":{"inline_featured_image":false,"footnotes":""},"categories":[686,7],"tags":[],"class_list":["post-2578","post","type-post","status-publish","format-standard","hentry","category-vadbloggning","category-allvarligt"],"author_data":{"name":"Killfr\u00f6ken","href":"https:\/\/killfroken.se\/?author=2"},"featured_image_src":"https:\/\/killfroken.se\/wp-includes\/images\/media\/default.svg","_links":{"self":[{"href":"https:\/\/killfroken.se\/index.php?rest_route=\/wp\/v2\/posts\/2578","targetHints":{"allow":["GET"]}}],"collection":[{"href":"https:\/\/killfroken.se\/index.php?rest_route=\/wp\/v2\/posts"}],"about":[{"href":"https:\/\/killfroken.se\/index.php?rest_route=\/wp\/v2\/types\/post"}],"author":[{"embeddable":true,"href":"https:\/\/killfroken.se\/index.php?rest_route=\/wp\/v2\/users\/2"}],"replies":[{"embeddable":true,"href":"https:\/\/killfroken.se\/index.php?rest_route=%2Fwp%2Fv2%2Fcomments&post=2578"}],"version-history":[{"count":1,"href":"https:\/\/killfroken.se\/index.php?rest_route=\/wp\/v2\/posts\/2578\/revisions"}],"predecessor-version":[{"id":2579,"href":"https:\/\/killfroken.se\/index.php?rest_route=\/wp\/v2\/posts\/2578\/revisions\/2579"}],"wp:attachment":[{"href":"https:\/\/killfroken.se\/index.php?rest_route=%2Fwp%2Fv2%2Fmedia&parent=2578"}],"wp:term":[{"taxonomy":"category","embeddable":true,"href":"https:\/\/killfroken.se\/index.php?rest_route=%2Fwp%2Fv2%2Fcategories&post=2578"},{"taxonomy":"post_tag","embeddable":true,"href":"https:\/\/killfroken.se\/index.php?rest_route=%2Fwp%2Fv2%2Ftags&post=2578"}],"curies":[{"name":"wp","href":"https:\/\/api.w.org\/{rel}","templated":true}]}}