{"id":2831,"date":"2015-03-01T10:32:18","date_gmt":"2015-03-01T08:32:18","guid":{"rendered":"http:\/\/killfroken.se\/?p=2831"},"modified":"2015-03-01T10:46:52","modified_gmt":"2015-03-01T08:46:52","slug":"det-utvidgade-kollegiets-korridor","status":"publish","type":"post","link":"https:\/\/killfroken.se\/?p=2831","title":{"rendered":"Det utvidgade kollegiets korridor"},"content":{"rendered":"<p>S\u00f6ndag morgon och jag \u00e4r p\u00e5 bussen mot fiket med b\u00e4sta frukostbuff\u00e9n i stan. De har ocks\u00e5 stans b\u00e4sta p\u00e5t\u00e5rs-kaffe. Sammantaget har de i s\u00e4rklass b\u00e4st f\u00f6ruts\u00e4ttningar f\u00f6r effektivt helgarbete. Tv\u00e5 timmar i den milj\u00f6n g\u00f6r den kommande arbetsveckan f\u00f6rberedd och f\u00f6rutsedd. I slut\u00e4ndan blir jag b\u00e4ttre p\u00e5 att st\u00e4lla om n\u00e4r de m\u00e5nga of\u00f6rutsedda h\u00e4ndelser som kantar en l\u00e4rares arbetsdag. Jag kan anpassa mig utan att f\u00f6rlora uppm\u00e4rksamhet p\u00e5 det som \u00e4r viktigt.<\/p>\n<p>Dessutom finns en annan f\u00f6rdel: bussresan till fiket. 18 minuter av tid f\u00f6r l\u00e4ngre tankar. Det \u00e4r n\u00e4stan den enda tiden i veckan d\u00e5 jag har tid att t\u00e4nka efter riktigt ordentligt. Jag har t\u00e4nkt mycket p\u00e5 varf\u00f6r det \u00e4r s\u00e5. Att man inte har tid f\u00f6r eftertanke under arbetsdagen \u00e4r ingen slump, men vad g\u00f6r att jag inte har den tiden annars? Ju mer jag t\u00e4nker p\u00e5 det desto mer k\u00e4nns det som att l\u00f6sningen ligger i valet av plattformar. Jag l\u00e4gger mycket tid p\u00e5 Twitter och det \u00e4ter upp en hel del tid. Sl\u00e5r man ihop tiden jag har appen uppe och tiden som jag \u00e4gnar \u00e5t att fundera p\u00e5 samtal jag har p\u00e5 Twitter s\u00e5 \u00e4r det en inte obetydlig del av min dag. S\u00e5 klart \u00e4r det m\u00e5nga f\u00f6rdelar med det. Inte p\u00e5 n\u00e5got s\u00e4tt \u00e4r det en d\u00e5lig sak att delta i det utvidgade kollegiet. Problemen kommer n\u00e4r Twitter ist\u00e4llet f\u00f6r att bli ett massivt kollegium blir v\u00e4rldens st\u00f6rsta korridor d\u00e4r man mest haffar tag i folk f\u00f6r att st\u00e4lla snabba fr\u00e5gor, s\u00e4ga snabba saker eller ansl\u00e5 saker som folk bara ser i \u00f6gonvr\u00e5n. D\u00e5 tappar det i v\u00e4rde. Ingen g\u00e5r ut i korridoren f\u00f6r att ha det d\u00e4r l\u00e5nga, djupa, utvecklande samtalet. Inga samtal blir b\u00e4ttre p\u00e5 spr\u00e5ng.<\/p>\n<p>Parallellt med den h\u00e4r tankeprocessen s\u00e5 har jag funderat \u00f6ver mitt eget bloggande en del. Efter 9 \u00e5r med mitt bloggalias ser jag en tydlig utveckling som p\u00e5 m\u00e5nga plan speglar min professionella utveckling. P\u00e5 senare tid har jag betydligt mindre tid f\u00f6r bloggen. Betyder det att jag har betydligt mindre tid f\u00f6r min professionella utveckling ocks\u00e5? Kanske. Jag vet inte.<\/p>\n<p>Vad jag d\u00e4remot vet \u00e4r att det ibland \u00e4r en bra po\u00e4ng att g\u00f6ra sig mindre tillg\u00e4nglig, sl\u00e4ppa fler bollar och koncentrera sig p\u00e5 de kvalitativa samtalen ibland. S\u00e5 t\u00e4nker jag g\u00f6ra.<\/p>\n<p>Nu \u00e4r jag framme. Dags att frukostjobba.<\/p>\n","protected":false},"excerpt":{"rendered":"<p>S\u00f6ndag morgon och jag \u00e4r p\u00e5 bussen mot fiket med b\u00e4sta frukostbuff\u00e9n i stan. De har ocks\u00e5 stans b\u00e4sta p\u00e5t\u00e5rs-kaffe. Sammantaget har de i s\u00e4rklass b\u00e4st f\u00f6ruts\u00e4ttningar f\u00f6r effektivt helgarbete. Tv\u00e5 timmar i den milj\u00f6n g\u00f6r den kommande arbetsveckan f\u00f6rberedd och f\u00f6rutsedd. I slut\u00e4ndan blir jag b\u00e4ttre p\u00e5 att st\u00e4lla om n\u00e4r de m\u00e5nga of\u00f6rutsedda [&hellip;]<\/p>\n","protected":false},"author":2,"featured_media":0,"comment_status":"open","ping_status":"open","sticky":false,"template":"","format":"standard","meta":{"inline_featured_image":false,"footnotes":""},"categories":[288],"tags":[],"class_list":["post-2831","post","type-post","status-publish","format-standard","hentry","category-killfroken-funderar"],"author_data":{"name":"Killfr\u00f6ken","href":"https:\/\/killfroken.se\/?author=2"},"featured_image_src":"https:\/\/killfroken.se\/wp-includes\/images\/media\/default.svg","_links":{"self":[{"href":"https:\/\/killfroken.se\/index.php?rest_route=\/wp\/v2\/posts\/2831","targetHints":{"allow":["GET"]}}],"collection":[{"href":"https:\/\/killfroken.se\/index.php?rest_route=\/wp\/v2\/posts"}],"about":[{"href":"https:\/\/killfroken.se\/index.php?rest_route=\/wp\/v2\/types\/post"}],"author":[{"embeddable":true,"href":"https:\/\/killfroken.se\/index.php?rest_route=\/wp\/v2\/users\/2"}],"replies":[{"embeddable":true,"href":"https:\/\/killfroken.se\/index.php?rest_route=%2Fwp%2Fv2%2Fcomments&post=2831"}],"version-history":[{"count":3,"href":"https:\/\/killfroken.se\/index.php?rest_route=\/wp\/v2\/posts\/2831\/revisions"}],"predecessor-version":[{"id":2834,"href":"https:\/\/killfroken.se\/index.php?rest_route=\/wp\/v2\/posts\/2831\/revisions\/2834"}],"wp:attachment":[{"href":"https:\/\/killfroken.se\/index.php?rest_route=%2Fwp%2Fv2%2Fmedia&parent=2831"}],"wp:term":[{"taxonomy":"category","embeddable":true,"href":"https:\/\/killfroken.se\/index.php?rest_route=%2Fwp%2Fv2%2Fcategories&post=2831"},{"taxonomy":"post_tag","embeddable":true,"href":"https:\/\/killfroken.se\/index.php?rest_route=%2Fwp%2Fv2%2Ftags&post=2831"}],"curies":[{"name":"wp","href":"https:\/\/api.w.org\/{rel}","templated":true}]}}