{"id":2956,"date":"2015-04-18T20:48:39","date_gmt":"2015-04-18T18:48:39","guid":{"rendered":"http:\/\/killfroken.se\/?p=2956"},"modified":"2015-04-18T20:48:39","modified_gmt":"2015-04-18T18:48:39","slug":"30-en-punkigare-skola-del-i","status":"publish","type":"post","link":"https:\/\/killfroken.se\/?p=2956","title":{"rendered":"#30 &#8211; En punkigare skola &#8211; del I"},"content":{"rendered":"<p>H\u00e4romdagen uts\u00e5gs jag till <a href=\"https:\/\/www.lararforbundet.se\/artiklar\/2015-ars-trevor-dolan-stipendiat-jacob-mollstam\" target=\"_blank\">\u00e5rets Trevor Dolan stipendiat<\/a>. Det h\u00e4r \u00e4r inl\u00e4gg som inte p\u00e5 n\u00e5got s\u00e4tt\u00a0\u00e4r skrivet f\u00f6r att framh\u00e4va mig sj\u00e4lv utan f\u00f6r att jag kort och gott vill g\u00f6ra n\u00e5got f\u00f6r att sprida den vision som Trevor Dolan stod f\u00f6r och som det h\u00e4r priset delas ut f\u00f6r att bevara.<\/p>\n<p>Det f\u00f6rsta en kan g\u00f6ra f\u00f6r att f\u00f6rdjupa sin f\u00f6rst\u00e5else av Dolans syn p\u00e5 l\u00e4rande \u00e4r att ta del av kriterierna f\u00f6r priset. De \u00e4r f\u00f6rvisso inte skrivna av honom sj\u00e4lv men av personer som arbetade med honom och stod honom n\u00e4ra.<\/p>\n<ul>\n<li>Civilkurage och mod att varje dag ta st\u00e4llning f\u00f6r varje enskilt barn\/elev, trots omgivningens tyckanden och tryck.<\/li>\n<li>En orubbad \u00f6vertygelse om varje elevs f\u00f6rm\u00e5ga att l\u00e4ra och skolans avg\u00f6rande inverkan p\u00e5 en elevs nutid och framtid.<\/li>\n<li>Ett passionerat och h\u00e4ngivet ledarskap med en osviklig pedagogisk mark\u00f6r riktad mot undervisning och l\u00e4rande.<\/li>\n<li>Ett ledarskap d\u00e4r det didaktiska l\u00e4randet st\u00e5r p\u00e5 tv\u00e4rvetenskaplig grund.<\/li>\n<li>Humor, v\u00e4rme och k\u00e4rlek till sitt uppdrag, sina medarbetare och elever.<\/li>\n<li>Modet att ta debatt.<\/li>\n<li>\u00c4r punk i skolv\u00e4rlden.<\/li>\n<\/ul>\n<p>Framf\u00f6rallt det sista kriteriet brukar lyftas fram, inte f\u00f6r att det \u00e4r viktigare \u00e4n de andra utan f\u00f6r att det sticker ut lite i sammanhanget. Det \u00e4r inte s\u00e5 ofta vi pratar om punk som en skolterm.<\/p>\n<p>Direkt efter prisutdelningen fick jag tillf\u00e4lle att byta ett par ord med Lisa R\u00f6nnb\u00e4ck som \u00e4r ordf\u00f6rande i Trevor Dolan Foundation och som var b\u00e5de kollega och n\u00e4ra v\u00e4n till Dolan. Hon f\u00f6rklarade f\u00f6r mig att de brukade prata om punk i det h\u00e4r sammanhanget som motsatsen till fluffighet. Jag tolkar hennes beskrivning av fluffighet som ovanan att fastna i fina ord och lite missa att\u00a0det beh\u00f6ver mynna ut i n\u00e5got konkret, varesig det \u00e4r konkretare tankar eller i handlingar. Jag t\u00e4nker att det\u00a0inte \u00e4r n\u00e5got\u00a0fel i att vara \u00f6vergripande, vision\u00e4r eller l\u00e5ngsiktig men att det finns ganska gott om den varan. Jag \u00e4r likadan. Det sv\u00e5ra f\u00f6r mig \u00e4r inte att t\u00e4nka fritt, utan att landa i n\u00e5got tydligt och handlingskraftigt. G\u00f6r vi inte det s\u00e5 fastnar v\u00e5ra id\u00e9er vid just id\u00e9er, och d\u00e5 blir det inget utav dem. F\u00f6r att lyckas \u00e5stadkomma n\u00e5gon riktig f\u00f6r\u00e4ndring\/utveckling beh\u00f6ver vi dra nytta av den spr\u00e4ngkraft som finns i att g\u00f6ra saker. Allra mest beh\u00f6ver vi ta det steget kring fr\u00e5gor d\u00e4r resten av skolsverige tenderar att fastna vid samtal, id\u00e9er och meningsutbyten.<\/p>\n<p>Det \u00e4r kanske den bilden av punk som skolan beh\u00f6ver f\u00f6r att komma vidare?<\/p>\n","protected":false},"excerpt":{"rendered":"<p>H\u00e4romdagen uts\u00e5gs jag till \u00e5rets Trevor Dolan stipendiat. Det h\u00e4r \u00e4r inl\u00e4gg som inte p\u00e5 n\u00e5got s\u00e4tt\u00a0\u00e4r skrivet f\u00f6r att framh\u00e4va mig sj\u00e4lv utan f\u00f6r att jag kort och gott vill g\u00f6ra n\u00e5got f\u00f6r att sprida den vision som Trevor Dolan stod f\u00f6r och som det h\u00e4r priset delas ut f\u00f6r att bevara. Det f\u00f6rsta [&hellip;]<\/p>\n","protected":false},"author":2,"featured_media":0,"comment_status":"open","ping_status":"open","sticky":false,"template":"","format":"standard","meta":{"inline_featured_image":false,"footnotes":""},"categories":[645,288],"tags":[748,718,749,750],"class_list":["post-2956","post","type-post","status-publish","format-standard","hentry","category-blogg100-2","category-killfroken-funderar","tag-punk","tag-sett","tag-skolpunk","tag-trevor-dolan"],"author_data":{"name":"Killfr\u00f6ken","href":"https:\/\/killfroken.se\/?author=2"},"featured_image_src":"https:\/\/killfroken.se\/wp-includes\/images\/media\/default.svg","_links":{"self":[{"href":"https:\/\/killfroken.se\/index.php?rest_route=\/wp\/v2\/posts\/2956","targetHints":{"allow":["GET"]}}],"collection":[{"href":"https:\/\/killfroken.se\/index.php?rest_route=\/wp\/v2\/posts"}],"about":[{"href":"https:\/\/killfroken.se\/index.php?rest_route=\/wp\/v2\/types\/post"}],"author":[{"embeddable":true,"href":"https:\/\/killfroken.se\/index.php?rest_route=\/wp\/v2\/users\/2"}],"replies":[{"embeddable":true,"href":"https:\/\/killfroken.se\/index.php?rest_route=%2Fwp%2Fv2%2Fcomments&post=2956"}],"version-history":[{"count":1,"href":"https:\/\/killfroken.se\/index.php?rest_route=\/wp\/v2\/posts\/2956\/revisions"}],"predecessor-version":[{"id":2957,"href":"https:\/\/killfroken.se\/index.php?rest_route=\/wp\/v2\/posts\/2956\/revisions\/2957"}],"wp:attachment":[{"href":"https:\/\/killfroken.se\/index.php?rest_route=%2Fwp%2Fv2%2Fmedia&parent=2956"}],"wp:term":[{"taxonomy":"category","embeddable":true,"href":"https:\/\/killfroken.se\/index.php?rest_route=%2Fwp%2Fv2%2Fcategories&post=2956"},{"taxonomy":"post_tag","embeddable":true,"href":"https:\/\/killfroken.se\/index.php?rest_route=%2Fwp%2Fv2%2Ftags&post=2956"}],"curies":[{"name":"wp","href":"https:\/\/api.w.org\/{rel}","templated":true}]}}