{"id":3150,"date":"2015-11-11T21:02:54","date_gmt":"2015-11-11T19:02:54","guid":{"rendered":"http:\/\/killfroken.se\/?p=3150"},"modified":"2015-11-11T21:02:54","modified_gmt":"2015-11-11T19:02:54","slug":"barn-som-leker-youtube","status":"publish","type":"post","link":"https:\/\/killfroken.se\/?p=3150","title":{"rendered":"Barn som leker YouTube"},"content":{"rendered":"<p>Onsdag och jag har ett pass som rastv\u00e4rd i Zon Gul vilken omfattar en kl\u00e4tterst\u00e4llning, baksidan av ett hus d\u00e4r det \u00e4r l\u00e4tt att g\u00f6mma sig och en sandl\u00e5da som mest \u00e4r k\u00e4nd f\u00f6r att det \u00e4r d\u00e4r v\u00e5ra yngsta elever brukar gr\u00e4va och leka. F\u00e4rsk i minnet har jag g\u00e5rdagens f\u00f6rel\u00e4sning med psykologen Bo Hejlskov. En av m\u00e5nga po\u00e4nger han g\u00f6r som jag g\u00e4rna b\u00e4r med mig \u00e4r att de gula reflexv\u00e4starna som kommer med rastv\u00e4rdskapet p\u00e5 m\u00e5nga skolor f\u00f6r\u00e4ndrar oss. Omedvetet g\u00f6r det att vi \u00f6verger det pedagogiska uppdraget f\u00f6r att bli v\u00e4ktare. Vi vaktar ist\u00e4llet f\u00f6r att undervisa genom att delta. Det \u00e4r en klok po\u00e4ng. S\u00e5 jag ger mig fasen p\u00e5 att jag ska delta.<\/p>\n<p>F\u00f6rst ett varv f\u00f6rbi en knippe sju\u00e5ringar som kl\u00e4ttrar i kl\u00e4tterst\u00e4llningen. Jag hejar p\u00e5, kl\u00e4ttrar med dem och\u00a0hj\u00e4lper dem kl\u00e4ttra h\u00f6gre \u00e4n de kunnat f\u00f6rut. En bra stund. Vidare p\u00e5 ett varv runt huset d\u00e4r det inte brukar finnas s\u00e5 m\u00e5nga vuxen\u00f6gon och \u00f6ver till sandl\u00e5dan d\u00e4r ett g\u00e4ng sex\u00e5ringar leker.<\/p>\n<p><img loading=\"lazy\" decoding=\"async\" class=\" aligncenter\" src=\"https:\/\/pbs.twimg.com\/media\/CTiaWLaWsAApl4R.jpg:large\" alt=\"\" width=\"500\" height=\"500\" \/><\/p>\n<p>&nbsp;<\/p>\n<p>Gr\u00e4vbarnet: Okej, vi b\u00f6rjar om igen.<br \/>\nDe Andra: Jaaaaaa!<br \/>\nGr\u00e4vbarnet: Okej, vi g\u00f6r s\u00e5 h\u00e4r:\u00a0D\u00e5 leker vi att ni kollade mitt bak-klipp p\u00e5 YouTube och sedan f\u00f6rs\u00f6kte ni h\u00e4rma mig.<br \/>\n<em>De Andra ser p\u00e5 n\u00e4r Gr\u00e4vbarnet bakar en sandkaka och leker att de h\u00e4pnar \u00f6ver hens bakande.<\/em><br \/>\nGr\u00e4vbarn <em>(med l\u00e5tsad YouTube-r\u00f6st)<\/em>: Och nu k\u00e4ra tittare \u00e4r det bara f\u00f6r er att testa d\u00e4rhemma. Skriv g\u00e4rna hur det gick i kommentarerna.<br \/>\n<em>De Andra h\u00e4rmar medan Gr\u00e4vbarnet ser p\u00e5. Sedan kommenterar De Andra genom att g\u00e5 till Gr\u00e4vbarnet och ber\u00e4tta sin kommentar.\u00a0<\/em><\/p>\n<p>Det \u00e4r r\u00e4tt himla coolt att kidsen p\u00e5 min skolg\u00e5rd leker YouTube. Det om n\u00e5got borde liksom vara argument nog f\u00f6r vuxna som m\u00f6ter barn och unga att sluta skilja p\u00e5 digitala aktiviteter och alla andra aktiviteter som barn har f\u00f6r sig. Det \u00e4r meningsl\u00f6st. Av v\u00e4lvilja g\u00e5r vi runt och f\u00f6rs\u00f6ker begr\u00e4nsa elevers sk\u00e4rmtid. Som om det vore n\u00e5got annorlunda \u00e4n att begr\u00e4nsa deras utetid, sitta-still-tid eller f\u00f6r den delen lektid. Det g\u00e5r inte att hindra m\u00e4nniskor\u00a0fr\u00e5n att g\u00f6ra s\u00e5nt som \u00e4r integrerat med att leva sitt liv. F\u00f6r det f\u00f6rsta s\u00e5 g\u00e5r det bara inte och f\u00f6r det andra \u00e4r det inte s\u00e4rskilt respektfullt.<\/p>\n","protected":false},"excerpt":{"rendered":"<p>Onsdag och jag har ett pass som rastv\u00e4rd i Zon Gul vilken omfattar en kl\u00e4tterst\u00e4llning, baksidan av ett hus d\u00e4r det \u00e4r l\u00e4tt att g\u00f6mma sig och en sandl\u00e5da som mest \u00e4r k\u00e4nd f\u00f6r att det \u00e4r d\u00e4r v\u00e5ra yngsta elever brukar gr\u00e4va och leka. F\u00e4rsk i minnet har jag g\u00e5rdagens f\u00f6rel\u00e4sning med psykologen Bo [&hellip;]<\/p>\n","protected":false},"author":2,"featured_media":0,"comment_status":"open","ping_status":"open","sticky":false,"template":"","format":"standard","meta":{"inline_featured_image":false,"footnotes":""},"categories":[288],"tags":[],"class_list":["post-3150","post","type-post","status-publish","format-standard","hentry","category-killfroken-funderar"],"author_data":{"name":"Killfr\u00f6ken","href":"https:\/\/killfroken.se\/?author=2"},"featured_image_src":"https:\/\/killfroken.se\/wp-includes\/images\/media\/default.svg","_links":{"self":[{"href":"https:\/\/killfroken.se\/index.php?rest_route=\/wp\/v2\/posts\/3150","targetHints":{"allow":["GET"]}}],"collection":[{"href":"https:\/\/killfroken.se\/index.php?rest_route=\/wp\/v2\/posts"}],"about":[{"href":"https:\/\/killfroken.se\/index.php?rest_route=\/wp\/v2\/types\/post"}],"author":[{"embeddable":true,"href":"https:\/\/killfroken.se\/index.php?rest_route=\/wp\/v2\/users\/2"}],"replies":[{"embeddable":true,"href":"https:\/\/killfroken.se\/index.php?rest_route=%2Fwp%2Fv2%2Fcomments&post=3150"}],"version-history":[{"count":1,"href":"https:\/\/killfroken.se\/index.php?rest_route=\/wp\/v2\/posts\/3150\/revisions"}],"predecessor-version":[{"id":3151,"href":"https:\/\/killfroken.se\/index.php?rest_route=\/wp\/v2\/posts\/3150\/revisions\/3151"}],"wp:attachment":[{"href":"https:\/\/killfroken.se\/index.php?rest_route=%2Fwp%2Fv2%2Fmedia&parent=3150"}],"wp:term":[{"taxonomy":"category","embeddable":true,"href":"https:\/\/killfroken.se\/index.php?rest_route=%2Fwp%2Fv2%2Fcategories&post=3150"},{"taxonomy":"post_tag","embeddable":true,"href":"https:\/\/killfroken.se\/index.php?rest_route=%2Fwp%2Fv2%2Ftags&post=3150"}],"curies":[{"name":"wp","href":"https:\/\/api.w.org\/{rel}","templated":true}]}}