{"id":3204,"date":"2016-04-07T21:45:14","date_gmt":"2016-04-07T19:45:14","guid":{"rendered":"http:\/\/killfroken.se\/?p=3204"},"modified":"2016-04-07T21:45:14","modified_gmt":"2016-04-07T19:45:14","slug":"grejen-med-fodelsedagar","status":"publish","type":"post","link":"https:\/\/killfroken.se\/?p=3204","title":{"rendered":"Grejen med f\u00f6delsedagar"},"content":{"rendered":"<p><span style=\"font-weight: 400;\">Jag har funderat ett tag p\u00e5 det h\u00e4r med f\u00f6delsedagar och barn. Vad \u00e4r grejen?\u00a0<\/span><span style=\"font-weight: 400;\">Varf\u00f6r \u00e4r det en s\u00e5 grymt stor grej f\u00f6r dem? Det \u00e4r en tanke som legat i bakhuvudet ett par veckor och som aktualiserades idag. F\u00f6rmodligen p\u00e5 grund av min egen f\u00f6delsedag och mina elevers reaktion. De g\u00e5r all-in. Verkligen ALL in. Jag \u00e4r superglad \u00f6ver deras fina handlingar. Allt fr\u00e5n spektakul\u00e4ra \u00f6verraskningar till whiteboardtavlor fulla med fina meddelanden. (\u201cGratis! Du \u00e4r v\u00e4rdens b\u00e4sta l\u00e4rare!\u201d) <\/span><\/p>\n<p><span style=\"font-weight: 400;\">Jag m\u00e4rker tydligt p\u00e5 mina elever att f\u00f6delsedagar \u00e4r en stor grej f\u00f6r dem. Det \u00e4r kanske f\u00f6rst\u00e5eligt. N\u00e4r vi t\u00e4nker efter s\u00e5 \u00e4r det ju barndommens f\u00f6delsedagar som \u00e4r de allra st\u00f6rsta. Vill man se p\u00e5 det matematiskt s\u00e5 kanske det har att g\u00f6ra med att ett \u00e5r till betyder mer n\u00e4r man inte har levt s\u00e5 m\u00e5nga \u00e5r. Skillnaden mellan 10 och 11 \u00e4r ju trots allt 10%. Skillnaden mellan 28 och 29 som i mitt fall \u00e4r \u00e5 andra sidan knappt m\u00e4rkbar om man inte kollar noga. Fast det \u00e4r nog inte en fullgod f\u00f6rklaring. Jag skulle tro att det handlar mer om uppm\u00e4rksamheten. Eller snarare erk\u00e4nnandet. Det \u00e4r n\u00e5got v\u00e4ldigt erk\u00e4nnande att fira n\u00e5gons f\u00f6delsedag. Det g\u00e5r inte att fira n\u00e5gon utan att f\u00f6rst se den personen. P\u00e5 riktigt se en personen. Jag vill g\u00e4rna tro att det \u00e4r d\u00e4rf\u00f6r eleverna \u00e4r s\u00e5 inne p\u00e5 det h\u00e4r med f\u00f6delsedagar. D\u00e4rf\u00f6r har jag ocks\u00e5 gett mig h\u00e4n elevernas f\u00f6delsedagar med samma passion. Mitt m\u00e5l \u00e4r att l\u00e4ra mig n\u00e4r alla skolans elever fyller \u00e5r. (Okej, jag erk\u00e4nner. Det kan vara s\u00e5 att jag har en kalender i min mobil till hj\u00e4lp h\u00e4r.) Ett kort grattis p\u00e5 skolg\u00e5rden n\u00e4r en elev i ett annat arbetslag fyller \u00e5r kan betyda en hel del. N\u00e4r de jag m\u00f6ter lite oftare fyller \u00e5r sl\u00e5r jag till lite st\u00f6rre. Om det \u00e4r en av elev som jag interagerar med via sociala medier (ungef\u00e4r tv\u00e5 tredjedelar av mina nuvarande elever och n\u00e5got f\u00e4rre\u00a0av mina fd\u00a0elever) s\u00e5 g\u00f6r jag alltid ett collage och skickar till dem. \u00c4r det en elev som jag m\u00f6ter i skolan men inte p\u00e5 n\u00e4tet s\u00e5 har jag ett par andra metoder som jag alternerar mellan. Det \u00e4r l\u00e5ngt ifr\u00e5n det min universitetsutbildning i och det finns antagligen inget om f\u00f6delsedagar i skolans styrdokument. D\u00e4rf\u00f6r \u00e4r det l\u00e4tt att avf\u00e4rda som nonsens, fj\u00e4sk eller en del av problemet med ett f\u00f6r kr\u00e4vande l\u00e4raryrke. Jag vet att det finns folk som f\u00f6r fram de \u00e5sikterna. Det f\u00e5r de g\u00f6ra. Jag bryr mig inte s\u00e5 mycket om det. F\u00f6r n\u00e5gonstans \u00e4r det ganska sj\u00e4lvklart f\u00f6r mig att n\u00e4r eleverna g\u00e5r in i skolan s\u00e5 g\u00f6r de det med hela sig sj\u00e4lv. En skolg\u00e5ng\u00a0\u00e4r inte en i grunden professionell erfarenhet f\u00f6r dem. F\u00f6r oss \u00e4r den d\u00e4remot det, men det hindrar oss inte fr\u00e5n att m\u00f6ta och se eleverna personligt.\u00a0<\/span><\/p>\n<p><span style=\"font-weight: 400;\">Eller s\u00e5 handlar det bara om paketen, t\u00e5rtan och festligheterna. Jag har h\u00f6rt att barn tycker om s\u00e5nt&#8230;<\/span><\/p>\n","protected":false},"excerpt":{"rendered":"<p>Jag har funderat ett tag p\u00e5 det h\u00e4r med f\u00f6delsedagar och barn. Vad \u00e4r grejen?\u00a0Varf\u00f6r \u00e4r det en s\u00e5 grymt stor grej f\u00f6r dem? Det \u00e4r en tanke som legat i bakhuvudet ett par veckor och som aktualiserades idag. F\u00f6rmodligen p\u00e5 grund av min egen f\u00f6delsedag och mina elevers reaktion. De g\u00e5r all-in. Verkligen ALL [&hellip;]<\/p>\n","protected":false},"author":2,"featured_media":0,"comment_status":"open","ping_status":"open","sticky":false,"template":"","format":"standard","meta":{"inline_featured_image":false,"footnotes":""},"categories":[304,288],"tags":[524,771,772,770],"class_list":["post-3204","post","type-post","status-publish","format-standard","hentry","category-barsliga-formaner","category-killfroken-funderar","tag-elever","tag-fodelsedagar","tag-klassrumsklimat","tag-skolkultur"],"author_data":{"name":"Killfr\u00f6ken","href":"https:\/\/killfroken.se\/?author=2"},"featured_image_src":"https:\/\/killfroken.se\/wp-includes\/images\/media\/default.svg","_links":{"self":[{"href":"https:\/\/killfroken.se\/index.php?rest_route=\/wp\/v2\/posts\/3204","targetHints":{"allow":["GET"]}}],"collection":[{"href":"https:\/\/killfroken.se\/index.php?rest_route=\/wp\/v2\/posts"}],"about":[{"href":"https:\/\/killfroken.se\/index.php?rest_route=\/wp\/v2\/types\/post"}],"author":[{"embeddable":true,"href":"https:\/\/killfroken.se\/index.php?rest_route=\/wp\/v2\/users\/2"}],"replies":[{"embeddable":true,"href":"https:\/\/killfroken.se\/index.php?rest_route=%2Fwp%2Fv2%2Fcomments&post=3204"}],"version-history":[{"count":1,"href":"https:\/\/killfroken.se\/index.php?rest_route=\/wp\/v2\/posts\/3204\/revisions"}],"predecessor-version":[{"id":3205,"href":"https:\/\/killfroken.se\/index.php?rest_route=\/wp\/v2\/posts\/3204\/revisions\/3205"}],"wp:attachment":[{"href":"https:\/\/killfroken.se\/index.php?rest_route=%2Fwp%2Fv2%2Fmedia&parent=3204"}],"wp:term":[{"taxonomy":"category","embeddable":true,"href":"https:\/\/killfroken.se\/index.php?rest_route=%2Fwp%2Fv2%2Fcategories&post=3204"},{"taxonomy":"post_tag","embeddable":true,"href":"https:\/\/killfroken.se\/index.php?rest_route=%2Fwp%2Fv2%2Ftags&post=3204"}],"curies":[{"name":"wp","href":"https:\/\/api.w.org\/{rel}","templated":true}]}}