{"id":3329,"date":"2018-05-07T20:17:30","date_gmt":"2018-05-07T18:17:30","guid":{"rendered":"http:\/\/killfroken.se\/?p=3329"},"modified":"2018-05-07T20:17:30","modified_gmt":"2018-05-07T18:17:30","slug":"den-kanslan","status":"publish","type":"post","link":"https:\/\/killfroken.se\/?p=3329","title":{"rendered":"Den k\u00e4nslan"},"content":{"rendered":"<p><span style=\"font-weight: 400;\">Solbr\u00e4nd och ute-tr\u00f6tt p\u00e5 ett s\u00e4tt som \u00e4r sv\u00e5rt att beskriva b\u00e4ttre \u00e4n \u201cden d\u00e4r k\u00e4nslan av att beh\u00f6va g\u00e5 in n\u00e4r man varit utomhus en hel dag och liksom inte orkar med mer frisk luft eller naturintryck\u201d beslutar jag att dagens sista lektion blir n\u00e5got lugnt och enskilt. Kanske inte det mest komplexa underlaget f\u00f6r n\u00e5gon lektion jag haft men ibland fyller den typen av lektioner sin funktion. Idag \u00e4r en s\u00e5n dag. Efter en morgon och en f\u00f6rmiddag p\u00e5 Stora Stadens st\u00f6rsta fotbollsanl\u00e4ggning har mina femteklassare m\u00f6tt ett urval av andra femteklassare fr\u00e5n andra skolor i stan. De har sprungit, passat, hejat och framf\u00f6rallt vuxit som grupp. Jag tror alla l\u00e4rare som arbetat n\u00e5gra \u00e5r och som \u00e4r \u00f6ppna f\u00f6r att se sig omkring f\u00f6r att f\u00f6rst\u00e5 sin omv\u00e4rld har egna erfarenheter av vad som h\u00e4nder med elevgrupper n\u00e4r de f\u00e5r en gemensam uppgift, allra helst utanf\u00f6r skolans vanliga omr\u00e5de och kontext. De v\u00e4xer av sig sj\u00e4lv. V\u00e4xer ihop. M\u00e5nga g\u00e5nger \u00e4r det mer effektivt \u00e4n all v\u00e4rdegrundsundervisning man kan f\u00e5 till som l\u00e4rare. Det \u00e4r som att n\u00e5got h\u00e4nder med eleverna. Jag vet m\u00e5nga l\u00e4rare som klagar \u00f6ver alla dagar p\u00e5 \u00e5ret d\u00e5 vanlig undervisning g\u00e5r bort till f\u00f6rm\u00e5n f\u00f6r specialdagar som fotbollsturneringar och liknande. Jag inser mer och mer att s\u00e5dana h\u00e4r dagar fyller en ov\u00e4rderlig funktion b\u00e5de f\u00f6r elevernas individuella l\u00e4rande och f\u00f6r gruppens utveckling. Jag \u00e4r f\u00f6r fler s\u00e5dana dagar. \u00d6nskar att mina elever fick fler s\u00e5dana tillf\u00e4llen i sin skolg\u00e5ng. Kanske knakar det i isen nu men med 6890 timmars undervisning i grundskolan s\u00e5 BEH\u00d6VER inte varenda en vara i ett klassrum. <\/span><\/p>\n<p><span style=\"font-weight: 400;\">Man borde chilla mer, och det finns n\u00e5got i det. Elever beh\u00f6ver l\u00e4ra sig att chilla mer. Eller kanske beh\u00f6ver de komma ih\u00e5g hur man chillar n\u00e4r man blir \u00e4ldre? P\u00e5 v\u00e4g hem fr\u00e5n jobbet gick jag \u00f6ver skolg\u00e5rden och hittade tv\u00e5 sju\u00e5ringar liggandes p\u00e5 marken och tittande p\u00e5 molnen l\u00e5ngt \u00f6ver huvud. <\/span><\/p>\n<p><span style=\"font-weight: 400;\">F\u00f6rsta Sju\u00e5ringen: HEEEEEJ KILLLFR\u00d6KEN!<\/span><span style=\"font-weight: 400;\"><br \/>\n<\/span><span style=\"font-weight: 400;\">Jag: Hej p\u00e5 dig <\/span><span style=\"font-weight: 400;\">F\u00f6rsta Sju\u00e5ringen<\/span><span style=\"font-weight: 400;\">. <\/span><span style=\"font-weight: 400;\"><br \/>\n<\/span><span style=\"font-weight: 400;\">F\u00f6rsta Sju\u00e5ringen: Vet du? Vi har f\u00e5tt solsting och ligger h\u00e4r helt d\u00f6da nu. <\/span><span style=\"font-weight: 400;\"><br \/>\n<\/span><i><span style=\"font-weight: 400;\">Hon h\u00e5ller upp handen i luften f\u00f6r att visa mig sin br\u00e4nna, som \u00e4r knappt m\u00e4rkbar. <\/span><\/i><i><span style=\"font-weight: 400;\"><br \/>\n<\/span><\/i><span style=\"font-weight: 400;\">Andra Sju\u00e5ringen: Ja, eller allts\u00e5 v\u00e5ra h\u00e4nder \u00e4r br\u00e4nda, har f\u00e5tt solsting och \u00e4r nu helt d\u00f6da. <\/span><span style=\"font-weight: 400;\"><br \/>\n<\/span><span style=\"font-weight: 400;\">Jag: Jaha, s\u00e5 ni ligger d\u00e4r och t\u00e4nker p\u00e5 hur bra livet var n\u00e4r ni hade levande h\u00e4nder?<\/span><span style=\"font-weight: 400;\"><br \/>\n<\/span><i><span style=\"font-weight: 400;\">De fnittrar \u00e5t bilden jag m\u00e5lar upp.<\/span><\/i> <span style=\"font-weight: 400;\"><br \/>\n<\/span><span style=\"font-weight: 400;\">F\u00f6rsta Sju\u00e5ringen: F\u00f6rresten! HELA DITT HUVUD har typ f\u00e5tt solsting. <\/span><span style=\"font-weight: 400;\"><br \/>\n<\/span><span style=\"font-weight: 400;\">Jag nickar inst\u00e4mmande och ska precis s\u00e4ga n\u00e5got\u2026<\/span><\/p>\n<p><span style=\"font-weight: 400;\">Andra Sju\u00e5ringen: Du ser lite ut som en hummer, fast sk\u00e4ggig. Kanske \u00e4r ditt huvud lika d\u00f6tt som v\u00e5ra h\u00e4nder!? <\/span><i><span style=\"font-weight: 400;\">B\u00e5da tv\u00e5 d\u00f6r av skratt \u00e5t sina egna sk\u00e4mt.\u00a0<\/span><\/i><i><span style=\"font-weight: 400;\">Jag, efter en l\u00e5ng arbetsdag i solen, kunde inte annat \u00e4n h\u00e5lla med och gick d\u00e4rifr\u00e5n efter att ha sagt hejd\u00e5. <\/span><\/i><\/p>\n<p>&nbsp;<\/p>\n<p><span style=\"font-weight: 400;\">Precis i samma stund som jag satte mig i bilen kom jag p\u00e5 det. \u201cDen d\u00e4r k\u00e4nslan av att beh\u00f6va g\u00e5 in n\u00e4r man varit utomhus en hel dag och liksom inte orkar med mer frisk luft eller naturintryck\u201d som jag upplevt tidigare under dagen. Solsting. Det var den k\u00e4nslan. <\/span><\/p>\n","protected":false},"excerpt":{"rendered":"<p>Solbr\u00e4nd och ute-tr\u00f6tt p\u00e5 ett s\u00e4tt som \u00e4r sv\u00e5rt att beskriva b\u00e4ttre \u00e4n \u201cden d\u00e4r k\u00e4nslan av att beh\u00f6va g\u00e5 in n\u00e4r man varit utomhus en hel dag och liksom inte orkar med mer frisk luft eller naturintryck\u201d beslutar jag att dagens sista lektion blir n\u00e5got lugnt och enskilt. Kanske inte det mest komplexa underlaget [&hellip;]<\/p>\n","protected":false},"author":2,"featured_media":0,"comment_status":"open","ping_status":"open","sticky":false,"template":"","format":"standard","meta":{"inline_featured_image":false,"footnotes":""},"categories":[6,288],"tags":[],"class_list":["post-3329","post","type-post","status-publish","format-standard","hentry","category-dessa","category-killfroken-funderar"],"author_data":{"name":"Killfr\u00f6ken","href":"https:\/\/killfroken.se\/?author=2"},"featured_image_src":"https:\/\/killfroken.se\/wp-includes\/images\/media\/default.svg","_links":{"self":[{"href":"https:\/\/killfroken.se\/index.php?rest_route=\/wp\/v2\/posts\/3329","targetHints":{"allow":["GET"]}}],"collection":[{"href":"https:\/\/killfroken.se\/index.php?rest_route=\/wp\/v2\/posts"}],"about":[{"href":"https:\/\/killfroken.se\/index.php?rest_route=\/wp\/v2\/types\/post"}],"author":[{"embeddable":true,"href":"https:\/\/killfroken.se\/index.php?rest_route=\/wp\/v2\/users\/2"}],"replies":[{"embeddable":true,"href":"https:\/\/killfroken.se\/index.php?rest_route=%2Fwp%2Fv2%2Fcomments&post=3329"}],"version-history":[{"count":1,"href":"https:\/\/killfroken.se\/index.php?rest_route=\/wp\/v2\/posts\/3329\/revisions"}],"predecessor-version":[{"id":3330,"href":"https:\/\/killfroken.se\/index.php?rest_route=\/wp\/v2\/posts\/3329\/revisions\/3330"}],"wp:attachment":[{"href":"https:\/\/killfroken.se\/index.php?rest_route=%2Fwp%2Fv2%2Fmedia&parent=3329"}],"wp:term":[{"taxonomy":"category","embeddable":true,"href":"https:\/\/killfroken.se\/index.php?rest_route=%2Fwp%2Fv2%2Fcategories&post=3329"},{"taxonomy":"post_tag","embeddable":true,"href":"https:\/\/killfroken.se\/index.php?rest_route=%2Fwp%2Fv2%2Ftags&post=3329"}],"curies":[{"name":"wp","href":"https:\/\/api.w.org\/{rel}","templated":true}]}}