{"id":345,"date":"2010-02-17T22:54:30","date_gmt":"2010-02-17T20:54:30","guid":{"rendered":"http:\/\/killfroken.se\/?p=345"},"modified":"2010-02-17T22:55:37","modified_gmt":"2010-02-17T20:55:37","slug":"om-att-kanna-alla","status":"publish","type":"post","link":"https:\/\/killfroken.se\/?p=345","title":{"rendered":"Om att k\u00e4nna alla"},"content":{"rendered":"<p>Det \u00e4r sportlov och hela skolan (de som inte \u00e4r lediga) \u00e4r p\u00e5 v\u00e4g till ett lokalt utflyktsm\u00e5l. P\u00e5 v\u00e4gen sm\u00e5pratar jag med ett par elever som jag g\u00e5r med. Jag passar p\u00e5 att ber\u00e4tta f\u00f6r en av dem (en sju\u00e5rig pojke) att jag fr\u00e5n bussen till jobbet s\u00e5g honom och hans storebror p\u00e5 v\u00e4g till skolan.<\/p>\n<p>Lillebror: Men jag s\u00e5g ju inte dig.<br \/>\nJag<em> (pedagogvarning!<\/em><em>)<\/em>: Jo. S\u00e5 kan det ju vara ibland om den ena sitter p\u00e5 en buss och den andra g\u00e5r p\u00e5 trottoaren. D\u00e5 kanske bara den ena ser.<br \/>\n<em>Lillebror funderar ett par sekunder. Jag antar att konceptet av att ses men inte se beh\u00f6ver sjunka in.<\/em><br \/>\nLillebror: Varf\u00f6r ser man bara folk man inte k\u00e4nner?<br \/>\nJag: Euhm&#8230;<br \/>\nLillebror: &#8230;Vore det inte smartare om man bara s\u00e5g folk man k\u00e4nner?<\/p>\n<p>Ju mer jag t\u00e4nker p\u00e5 det &#8211; desto klokare blir det. F\u00f6r om detta tankeexperiment ska vara m\u00f6jligt beh\u00f6vs en v\u00e4rld d\u00e4r alla k\u00e4nner alla. \u00c4r inte det grundpelaren i vilket solidariskt samh\u00e4lle som helst?<\/p>\n","protected":false},"excerpt":{"rendered":"<p>Det \u00e4r sportlov och hela skolan (de som inte \u00e4r lediga) \u00e4r p\u00e5 v\u00e4g till ett lokalt utflyktsm\u00e5l. P\u00e5 v\u00e4gen sm\u00e5pratar jag med ett par elever som jag g\u00e5r med. Jag passar p\u00e5 att ber\u00e4tta f\u00f6r en av dem (en sju\u00e5rig pojke) att jag fr\u00e5n bussen till jobbet s\u00e5g honom och hans storebror p\u00e5 v\u00e4g [&hellip;]<\/p>\n","protected":false},"author":2,"featured_media":0,"comment_status":"open","ping_status":"open","sticky":false,"template":"","format":"standard","meta":{"inline_featured_image":false,"footnotes":""},"categories":[5],"tags":[207,56,150],"class_list":["post-345","post","type-post","status-publish","format-standard","hentry","category-spekulationer","tag-filosofi","tag-fritids","tag-rast"],"author_data":{"name":"Killfr\u00f6ken","href":"https:\/\/killfroken.se\/?author=2"},"featured_image_src":"https:\/\/killfroken.se\/wp-includes\/images\/media\/default.svg","_links":{"self":[{"href":"https:\/\/killfroken.se\/index.php?rest_route=\/wp\/v2\/posts\/345","targetHints":{"allow":["GET"]}}],"collection":[{"href":"https:\/\/killfroken.se\/index.php?rest_route=\/wp\/v2\/posts"}],"about":[{"href":"https:\/\/killfroken.se\/index.php?rest_route=\/wp\/v2\/types\/post"}],"author":[{"embeddable":true,"href":"https:\/\/killfroken.se\/index.php?rest_route=\/wp\/v2\/users\/2"}],"replies":[{"embeddable":true,"href":"https:\/\/killfroken.se\/index.php?rest_route=%2Fwp%2Fv2%2Fcomments&post=345"}],"version-history":[{"count":2,"href":"https:\/\/killfroken.se\/index.php?rest_route=\/wp\/v2\/posts\/345\/revisions"}],"predecessor-version":[{"id":347,"href":"https:\/\/killfroken.se\/index.php?rest_route=\/wp\/v2\/posts\/345\/revisions\/347"}],"wp:attachment":[{"href":"https:\/\/killfroken.se\/index.php?rest_route=%2Fwp%2Fv2%2Fmedia&parent=345"}],"wp:term":[{"taxonomy":"category","embeddable":true,"href":"https:\/\/killfroken.se\/index.php?rest_route=%2Fwp%2Fv2%2Fcategories&post=345"},{"taxonomy":"post_tag","embeddable":true,"href":"https:\/\/killfroken.se\/index.php?rest_route=%2Fwp%2Fv2%2Ftags&post=345"}],"curies":[{"name":"wp","href":"https:\/\/api.w.org\/{rel}","templated":true}]}}