{"id":490,"date":"2010-06-02T06:35:16","date_gmt":"2010-06-02T04:35:16","guid":{"rendered":"http:\/\/killfroken.se\/?p=490"},"modified":"2010-06-02T06:35:37","modified_gmt":"2010-06-02T04:35:37","slug":"berattelsen-om-appeltradet-i-kortedala","status":"publish","type":"post","link":"https:\/\/killfroken.se\/?p=490","title":{"rendered":"Ber\u00e4ttelsen om \u00e4ppeltr\u00e4det i Kortedala"},"content":{"rendered":"<p>I h\u00f6stas planterade barnen p\u00e5 Minutgatans F\u00f6rskola i Kortedala (en stadsdel i nord\u00f6stra G\u00f6teborg) ett \u00e4ppeltr\u00e4d p\u00e5 lekg\u00e5rden. Under \u00e5ret har man genom att studera tr\u00e4det kunnat undervisa om allt fr\u00e5n \u00e5rstider till biologisk m\u00e5ngfald p\u00e5 ett s\u00e4tt som blir b\u00e5de konkret och vardagsn\u00e4ra. Ett lysande exempel p\u00e5 f\u00f6rskoll\u00e4rarens pedagogik.<\/p>\n<p>I f\u00f6rra veckan fick barnen p\u00e5 Minutgatan en hel del b\u00e5de o\u00f6nskad och ov\u00e4ntad publicitet n\u00e4r \u00e4ppeltr\u00e4det <a href=\"http:\/\/www.gp.se\/nyheter\/goteborg\/1.380237-appletrad-stals-fran-forskola\" target=\"_blank\">stals<\/a>. F\u00f6rutom att det l\u00e4r ha satt sina sp\u00e5r hos ungarna s\u00e5 blev det s\u00e5 klart f\u00f6r\u00f6dande f\u00f6r f\u00f6rskolans verksamhet. Den storslagna g\u00e5rdsfesten som var planerad till halvfem ig\u00e5r k\u00e4ndes med all s\u00e4kerhet en aning blek.<\/p>\n<p>S\u00e5 vad h\u00e4nde? Jo, en fastighetssk\u00f6tare med kontakter p\u00e5 en plantskola l\u00e4st artikeln och best\u00e4mde sig f\u00f6r att <a href=\"http:\/\/www.gp.se\/nyheter\/goteborg\/1.382866-fastighetsskotare-fixade-fram-nytt-appeltrad\" target=\"_blank\">ta saken i egna h\u00e4nder<\/a>. Ett kort samtal till sina kontakter p\u00e5 plantskolan (som erbj\u00f6d sig att sk\u00e4nka ett nytt tr\u00e4d) och en offrad lunchrast senare stod ett nytt \u00e4ppeltr\u00e4d p\u00e5 f\u00f6rskoleg\u00e5rden. Ryktet s\u00e4ger att det blommar.<\/p>\n<p>F\u00f6rutom att det \u00e4r en fin ber\u00e4ttelse i b\u00e4sta Disney-anda kan det ocks\u00e5 tj\u00e4na som p\u00e5minnelse om hur l\u00e4tt det oftast \u00e4r att \u00e5stadkomma f\u00f6r\u00e4ndring.<\/p>\n","protected":false},"excerpt":{"rendered":"<p>I h\u00f6stas planterade barnen p\u00e5 Minutgatans F\u00f6rskola i Kortedala (en stadsdel i nord\u00f6stra G\u00f6teborg) ett \u00e4ppeltr\u00e4d p\u00e5 lekg\u00e5rden. Under \u00e5ret har man genom att studera tr\u00e4det kunnat undervisa om allt fr\u00e5n \u00e5rstider till biologisk m\u00e5ngfald p\u00e5 ett s\u00e4tt som blir b\u00e5de konkret och vardagsn\u00e4ra. Ett lysande exempel p\u00e5 f\u00f6rskoll\u00e4rarens pedagogik. I f\u00f6rra veckan fick barnen [&hellip;]<\/p>\n","protected":false},"author":2,"featured_media":0,"comment_status":"open","ping_status":"open","sticky":false,"template":"","format":"standard","meta":{"inline_featured_image":false,"footnotes":""},"categories":[3],"tags":[244],"class_list":["post-490","post","type-post","status-publish","format-standard","hentry","category-rast-rader","tag-forskolepedagogik"],"author_data":{"name":"Killfr\u00f6ken","href":"https:\/\/killfroken.se\/?author=2"},"featured_image_src":"https:\/\/killfroken.se\/wp-includes\/images\/media\/default.svg","_links":{"self":[{"href":"https:\/\/killfroken.se\/index.php?rest_route=\/wp\/v2\/posts\/490","targetHints":{"allow":["GET"]}}],"collection":[{"href":"https:\/\/killfroken.se\/index.php?rest_route=\/wp\/v2\/posts"}],"about":[{"href":"https:\/\/killfroken.se\/index.php?rest_route=\/wp\/v2\/types\/post"}],"author":[{"embeddable":true,"href":"https:\/\/killfroken.se\/index.php?rest_route=\/wp\/v2\/users\/2"}],"replies":[{"embeddable":true,"href":"https:\/\/killfroken.se\/index.php?rest_route=%2Fwp%2Fv2%2Fcomments&post=490"}],"version-history":[{"count":2,"href":"https:\/\/killfroken.se\/index.php?rest_route=\/wp\/v2\/posts\/490\/revisions"}],"predecessor-version":[{"id":492,"href":"https:\/\/killfroken.se\/index.php?rest_route=\/wp\/v2\/posts\/490\/revisions\/492"}],"wp:attachment":[{"href":"https:\/\/killfroken.se\/index.php?rest_route=%2Fwp%2Fv2%2Fmedia&parent=490"}],"wp:term":[{"taxonomy":"category","embeddable":true,"href":"https:\/\/killfroken.se\/index.php?rest_route=%2Fwp%2Fv2%2Fcategories&post=490"},{"taxonomy":"post_tag","embeddable":true,"href":"https:\/\/killfroken.se\/index.php?rest_route=%2Fwp%2Fv2%2Ftags&post=490"}],"curies":[{"name":"wp","href":"https:\/\/api.w.org\/{rel}","templated":true}]}}