{"id":557,"date":"2010-09-17T11:19:22","date_gmt":"2010-09-17T09:19:22","guid":{"rendered":"http:\/\/killfroken.se\/?p=557"},"modified":"2010-09-17T11:19:22","modified_gmt":"2010-09-17T09:19:22","slug":"berattelsen-om-nora","status":"publish","type":"post","link":"https:\/\/killfroken.se\/?p=557","title":{"rendered":"Ber\u00e4ttelsen om Nora"},"content":{"rendered":"<p>I en snabbkoll av mejlen hittade jag en <a href=\"http:\/\/blogg.aftonbladet.se\/politikerkollen\/2010\/09\/nora-14-ar-wetterstrands-egen-tv-gast-i-kvall\" target=\"_blank\">l\u00e4nk<\/a> till en alldeles f\u00f6rtr\u00e4fflig ber\u00e4ttelse fr\u00e5n valr\u00f6relsens sista sk\u00e4lvande dagar. Det \u00e4r ber\u00e4ttelsen om Nora Ekl\u00f6v, fjorton \u00e5r fr\u00e5n \u00d6lands friskola (som ligger i F\u00e4rjestaden och inte p\u00e5 den faktiska \u00f6n).<\/p>\n<p>Nora har, som en del av en skoluppgift, skrivit ett politiskt tal. Klappat och klart visade det sig att hon var s\u00e5 n\u00f6jd med talet att hon skickade in det till Milj\u00f6partiets kansli. Responsen? En inbjudan till kv\u00e4llens slutdebatt i Sveriges Television.<\/p>\n<p><img loading=\"lazy\" decoding=\"async\" class=\"aligncenter\" src=\"http:\/\/ss11i01.stream.ip-only.net\/images\/blog\/images\/entries\/96\/15\/60\/244739\/f9ba230af5b4b63e  \" alt=\"\" width=\"565\" height=\"405\" \/><\/p>\n<p>(Fotot p\u00e5 Nora \u00e4r taget av Rolle Nanberg.)<\/p>\n<p>\u00c4ven om det s\u00e5 klart \u00e4r kul att f\u00e5 \u00e5ka till Stockholm och g\u00e5 p\u00e5 tv-debatt s\u00e5 \u00e4r den h\u00e4r ber\u00e4ttelsens osjungna stj\u00e4rna Noras l\u00e4rare (i svenska eller samh\u00e4llskunskap?). <strong>F\u00f6r oavsett vilka fina upplevelser hon kommer att f\u00e5 ikv\u00e4ll s\u00e5 \u00e4r det ingenting i j\u00e4mf\u00f6relse med upplevelsen att f\u00e5 g\u00e5 i en skola d\u00e4r jobbet man som elev l\u00e4gger ner \u00e4r p\u00e5 allvar.\u00a0<span style=\"font-weight: normal;\">Att f\u00e5 m\u00f6ta skoluppgifter som plockar fram det b\u00e4sta i dig och som kan g\u00f6ra dig s\u00e5 stolt att du bara M\u00c5STE f\u00e5 visa upp det f\u00f6r en riktig politiker.<\/span> Det \u00e4r stort. Riktigt stort.<\/strong><\/p>\n","protected":false},"excerpt":{"rendered":"<p>I en snabbkoll av mejlen hittade jag en l\u00e4nk till en alldeles f\u00f6rtr\u00e4fflig ber\u00e4ttelse fr\u00e5n valr\u00f6relsens sista sk\u00e4lvande dagar. Det \u00e4r ber\u00e4ttelsen om Nora Ekl\u00f6v, fjorton \u00e5r fr\u00e5n \u00d6lands friskola (som ligger i F\u00e4rjestaden och inte p\u00e5 den faktiska \u00f6n). Nora har, som en del av en skoluppgift, skrivit ett politiskt tal. Klappat och klart [&hellip;]<\/p>\n","protected":false},"author":2,"featured_media":0,"comment_status":"open","ping_status":"open","sticky":false,"template":"","format":"standard","meta":{"inline_featured_image":false,"footnotes":""},"categories":[7],"tags":[251,768,258],"class_list":["post-557","post","type-post","status-publish","format-standard","hentry","category-allvarligt","tag-samhallskunskap","tag-svenska","tag-varlden-utanfor"],"author_data":{"name":"Killfr\u00f6ken","href":"https:\/\/killfroken.se\/?author=2"},"featured_image_src":"https:\/\/killfroken.se\/wp-includes\/images\/media\/default.svg","_links":{"self":[{"href":"https:\/\/killfroken.se\/index.php?rest_route=\/wp\/v2\/posts\/557","targetHints":{"allow":["GET"]}}],"collection":[{"href":"https:\/\/killfroken.se\/index.php?rest_route=\/wp\/v2\/posts"}],"about":[{"href":"https:\/\/killfroken.se\/index.php?rest_route=\/wp\/v2\/types\/post"}],"author":[{"embeddable":true,"href":"https:\/\/killfroken.se\/index.php?rest_route=\/wp\/v2\/users\/2"}],"replies":[{"embeddable":true,"href":"https:\/\/killfroken.se\/index.php?rest_route=%2Fwp%2Fv2%2Fcomments&post=557"}],"version-history":[{"count":1,"href":"https:\/\/killfroken.se\/index.php?rest_route=\/wp\/v2\/posts\/557\/revisions"}],"predecessor-version":[{"id":558,"href":"https:\/\/killfroken.se\/index.php?rest_route=\/wp\/v2\/posts\/557\/revisions\/558"}],"wp:attachment":[{"href":"https:\/\/killfroken.se\/index.php?rest_route=%2Fwp%2Fv2%2Fmedia&parent=557"}],"wp:term":[{"taxonomy":"category","embeddable":true,"href":"https:\/\/killfroken.se\/index.php?rest_route=%2Fwp%2Fv2%2Fcategories&post=557"},{"taxonomy":"post_tag","embeddable":true,"href":"https:\/\/killfroken.se\/index.php?rest_route=%2Fwp%2Fv2%2Ftags&post=557"}],"curies":[{"name":"wp","href":"https:\/\/api.w.org\/{rel}","templated":true}]}}