{"id":950,"date":"2011-09-29T18:30:29","date_gmt":"2011-09-29T16:30:29","guid":{"rendered":"http:\/\/killfroken.se\/?p=950"},"modified":"2011-09-29T18:30:29","modified_gmt":"2011-09-29T16:30:29","slug":"dagen-da-jag-blev-outad","status":"publish","type":"post","link":"https:\/\/killfroken.se\/?p=950","title":{"rendered":"Dagen d\u00e5 jag blev outad"},"content":{"rendered":"<p>S\u00e5 har den kommit, dagen jag har v\u00e4ntat p\u00e5 sedan jag startade den h\u00e4r bloggen under vintern 2006\/2007. Jag pratar naurligtvis om dagen d\u00e5 jag blev outad (jobbig stavning! F\u00f6rbannade l\u00e5neord!) p\u00e5 jobbet. Jag har f\u00f6rvisso varit helt \u00f6ppen med diverse bloggrelaterade uppdrag, s\u00e5 det har inte varit s\u00e4rskilt sv\u00e5rt f\u00f6r mina kollegor att &#8221;komma p\u00e5 mig&#8221;. Trots det har det allts\u00e5 dr\u00f6jt fram tills nu. Hur det gick till och vad som h\u00e4nde kan vi l\u00e4mna dith\u00e4n, det r inte intressant.<\/p>\n<p>Ist\u00e4llet vill jag till\u00e4gna det h\u00e4r inl\u00e4gget till de svenska l\u00e4rare som har f\u00e5tt utst\u00e5 b\u00e5de det ena och det andra n\u00e4r det har blivit k\u00e4nt att de vid sidan om sin l\u00e4rarg\u00e4rning bloggar. De absolut flesta bem\u00f6ts v\u00e4l, s\u00e4rskilt i takt med att skolan blir allt mer digital, med \u00f6ppna famnar av sina kollegor\/chefer. Samtidigt h\u00e4nder det fortfarande att vikariat inte f\u00f6rl\u00e4ngs. Att l\u00e4rare kallas in till chefen f\u00f6r ett mycket allvarligt samtal. Att kollegor slutar dela med sig av viktig kollegial information. Alltihop sker v\u00e4l av en r\u00e4dsla f\u00f6r det ok\u00e4nda kan jag t\u00e4nka mig. En r\u00e4dsla man inte kan r\u00e5 f\u00f6r.<\/p>\n<p>Trots det kan jag inte l\u00e5ta bli att k\u00e4nna hur ofattbart or\u00e4ttvist det \u00e4r. Och or\u00e4tts\u00e4kert (\u00e4r det ens ett riktigt ord!?). F\u00f6r vad h\u00e4nder om tj\u00e4nstem\u00e4n i samh\u00e4llets st\u00f6rsta och m\u00e4ktigaste institution inte f\u00e5r lov att (med tillb\u00f6rlig h\u00e4nsyn till dess brukar naturligtvis) avsl\u00f6ja hur det ser ut fr\u00e5n insidan? Vilken kulturell pr\u00e4gel f\u00e5r det f\u00f6r de anst\u00e4lldas ben\u00e4genhet att sl\u00e5 larm om n\u00e4r n\u00e5got g\u00e5r fel?<\/p>\n<p>Det h\u00e4r var kanske inte mitt mest kosntruktiva inl\u00e4gg under de senaste fyra \u00e5ren. Men det var n\u00e5gonting. Och blogginl\u00e4gg \u00e4r lite som b\u00e4bisar. Man f\u00e5r v\u00e4nta och se vad som kommer&#8230;<\/p>\n","protected":false},"excerpt":{"rendered":"<p>S\u00e5 har den kommit, dagen jag har v\u00e4ntat p\u00e5 sedan jag startade den h\u00e4r bloggen under vintern 2006\/2007. Jag pratar naurligtvis om dagen d\u00e5 jag blev outad (jobbig stavning! F\u00f6rbannade l\u00e5neord!) p\u00e5 jobbet. Jag har f\u00f6rvisso varit helt \u00f6ppen med diverse bloggrelaterade uppdrag, s\u00e5 det har inte varit s\u00e4rskilt sv\u00e5rt f\u00f6r mina kollegor att &#8221;komma [&hellip;]<\/p>\n","protected":false},"author":2,"featured_media":0,"comment_status":"open","ping_status":"open","sticky":false,"template":"","format":"standard","meta":{"inline_featured_image":false,"footnotes":""},"categories":[6],"tags":[429,349,158,763,430],"class_list":["post-950","post","type-post","status-publish","format-standard","hentry","category-dessa","tag-kollegor","tag-lararblogg","tag-lararyrket","tag-skola","tag-whisteblowers"],"author_data":{"name":"Killfr\u00f6ken","href":"https:\/\/killfroken.se\/?author=2"},"featured_image_src":"https:\/\/killfroken.se\/wp-includes\/images\/media\/default.svg","_links":{"self":[{"href":"https:\/\/killfroken.se\/index.php?rest_route=\/wp\/v2\/posts\/950","targetHints":{"allow":["GET"]}}],"collection":[{"href":"https:\/\/killfroken.se\/index.php?rest_route=\/wp\/v2\/posts"}],"about":[{"href":"https:\/\/killfroken.se\/index.php?rest_route=\/wp\/v2\/types\/post"}],"author":[{"embeddable":true,"href":"https:\/\/killfroken.se\/index.php?rest_route=\/wp\/v2\/users\/2"}],"replies":[{"embeddable":true,"href":"https:\/\/killfroken.se\/index.php?rest_route=%2Fwp%2Fv2%2Fcomments&post=950"}],"version-history":[{"count":2,"href":"https:\/\/killfroken.se\/index.php?rest_route=\/wp\/v2\/posts\/950\/revisions"}],"predecessor-version":[{"id":952,"href":"https:\/\/killfroken.se\/index.php?rest_route=\/wp\/v2\/posts\/950\/revisions\/952"}],"wp:attachment":[{"href":"https:\/\/killfroken.se\/index.php?rest_route=%2Fwp%2Fv2%2Fmedia&parent=950"}],"wp:term":[{"taxonomy":"category","embeddable":true,"href":"https:\/\/killfroken.se\/index.php?rest_route=%2Fwp%2Fv2%2Fcategories&post=950"},{"taxonomy":"post_tag","embeddable":true,"href":"https:\/\/killfroken.se\/index.php?rest_route=%2Fwp%2Fv2%2Ftags&post=950"}],"curies":[{"name":"wp","href":"https:\/\/api.w.org\/{rel}","templated":true}]}}